{"id":37535,"date":"2025-05-02T09:38:03","date_gmt":"2025-05-02T12:38:03","guid":{"rendered":"https:\/\/radiostudiow.com.br\/site\/?p=37535"},"modified":"2025-05-02T09:55:05","modified_gmt":"2025-05-02T12:55:05","slug":"colisao-entre-carro-e-bicicleta-deixa-ciclista-morto-na-br-373-em-guamiranga","status":"publish","type":"post","link":"https:\/\/radiostudiow.com.br\/site\/2025\/05\/02\/colisao-entre-carro-e-bicicleta-deixa-ciclista-morto-na-br-373-em-guamiranga\/","title":{"rendered":"Colis\u00e3o entre carro e bicicleta deixa ciclista morto na BR-373, em Guamiranga"},"content":{"rendered":"\n<p><strong>Imagem ilustrativa<\/strong><\/p>\n\n\n\n<figure class=\"wp-block-image size-full\"><img loading=\"lazy\" decoding=\"async\" width=\"897\" height=\"204\" src=\"https:\/\/radiostudiow.com.br\/site\/wp-content\/uploads\/2025\/02\/SITE-GRANDE7.png\" alt=\"\" class=\"wp-image-33861\" srcset=\"https:\/\/radiostudiow.com.br\/site\/wp-content\/uploads\/2025\/02\/SITE-GRANDE7.png 897w, https:\/\/radiostudiow.com.br\/site\/wp-content\/uploads\/2025\/02\/SITE-GRANDE7-300x68.png 300w, https:\/\/radiostudiow.com.br\/site\/wp-content\/uploads\/2025\/02\/SITE-GRANDE7-768x175.png 768w\" sizes=\"auto, (max-width: 897px) 100vw, 897px\" \/><\/figure>\n\n\n\n<p><\/p>\n\n\n\n<p><strong>Um grave acidente de tr\u00e2nsito na noite de quinta-feira (1\u00ba) resultou na morte de um ciclista de 53 anos, morador de Guamiranga, no interior do Paran\u00e1. A colis\u00e3o traseira, envolvendo um carro e uma bicicleta, ocorreu por volta das 20h, no km 247 da BR-373.<\/strong><\/p>\n\n\n\n<h2 class=\"wp-block-heading\">Segundo informa\u00e7\u00f5es da Pol\u00edcia Rodovi\u00e1ria Federal (PRF), o ve\u00edculo Hyundai Creta, conduzido por uma mulher de 47 anos, colidiu na traseira da bicicleta. O ciclista n\u00e3o resistiu aos ferimentos e morreu no local.<\/h2>\n\n\n\n<p><\/p>\n\n\n\n<figure class=\"wp-block-image size-full\"><img loading=\"lazy\" decoding=\"async\" width=\"897\" height=\"204\" src=\"https:\/\/radiostudiow.com.br\/site\/wp-content\/uploads\/2025\/03\/SITE-GRANDE5.png\" alt=\"\" class=\"wp-image-35420\" srcset=\"https:\/\/radiostudiow.com.br\/site\/wp-content\/uploads\/2025\/03\/SITE-GRANDE5.png 897w, https:\/\/radiostudiow.com.br\/site\/wp-content\/uploads\/2025\/03\/SITE-GRANDE5-300x68.png 300w, https:\/\/radiostudiow.com.br\/site\/wp-content\/uploads\/2025\/03\/SITE-GRANDE5-768x175.png 768w\" sizes=\"auto, (max-width: 897px) 100vw, 897px\" \/><\/figure>\n\n\n\n<p><\/p>\n\n\n\n<p>A motorista sofreu apenas les\u00f5es leves e foi encaminhada ao Pronto Atendimento de Guamiranga para avalia\u00e7\u00e3o m\u00e9dica.<\/p>\n\n\n\n<p>Equipes da PRF, da Pol\u00edcia Cient\u00edfica, do Instituto M\u00e9dico Legal (IML) e da concession\u00e1ria Via Arauc\u00e1ria estiveram no local para prestar atendimento, realizar a per\u00edcia e remover o corpo da v\u00edtima.<\/p>\n\n\n\n<p>As causas do acidente ainda ser\u00e3o investigadas.<\/p>\n\n\n\n<p><em><strong>Informa\u00e7\u00f5es: PRF \/ Rep\u00f3rter Kiko de Oliveira<\/strong><\/em><br><\/p>\n\n\n\n<figure class=\"wp-block-image size-full\"><img loading=\"lazy\" decoding=\"async\" width=\"897\" height=\"204\" src=\"https:\/\/radiostudiow.com.br\/site\/wp-content\/uploads\/2024\/01\/SITE-GRANDE3.png\" alt=\"zaions\" class=\"wp-image-18936\" srcset=\"https:\/\/radiostudiow.com.br\/site\/wp-content\/uploads\/2024\/01\/SITE-GRANDE3.png 897w, https:\/\/radiostudiow.com.br\/site\/wp-content\/uploads\/2024\/01\/SITE-GRANDE3-300x68.png 300w, https:\/\/radiostudiow.com.br\/site\/wp-content\/uploads\/2024\/01\/SITE-GRANDE3-768x175.png 768w\" sizes=\"auto, (max-width: 897px) 100vw, 897px\" \/><\/figure>\n","protected":false},"excerpt":{"rendered":"<p>Imagem ilustrativa Um grave acidente de tr\u00e2nsito na noite de quinta-feira (1\u00ba) resultou na morte de um ciclista de 53 anos, morador de Guamiranga, no interior do Paran\u00e1. A colis\u00e3o traseira, envolvendo um carro e uma bicicleta, ocorreu por volta das 20h, no km 247 da BR-373. Segundo informa\u00e7\u00f5es da Pol\u00edcia Rodovi\u00e1ria Federal (PRF), o [&hellip;]<\/p>\n","protected":false},"author":2,"featured_media":37541,"comment_status":"open","ping_status":"open","sticky":false,"template":"","format":"standard","meta":{"footnotes":""},"categories":[7],"tags":[172],"class_list":["post-37535","post","type-post","status-publish","format-standard","has-post-thumbnail","hentry","category-geral","tag-featured"],"amp_enabled":true,"_links":{"self":[{"href":"https:\/\/radiostudiow.com.br\/site\/wp-json\/wp\/v2\/posts\/37535","targetHints":{"allow":["GET"]}}],"collection":[{"href":"https:\/\/radiostudiow.com.br\/site\/wp-json\/wp\/v2\/posts"}],"about":[{"href":"https:\/\/radiostudiow.com.br\/site\/wp-json\/wp\/v2\/types\/post"}],"author":[{"embeddable":true,"href":"https:\/\/radiostudiow.com.br\/site\/wp-json\/wp\/v2\/users\/2"}],"replies":[{"embeddable":true,"href":"https:\/\/radiostudiow.com.br\/site\/wp-json\/wp\/v2\/comments?post=37535"}],"version-history":[{"count":3,"href":"https:\/\/radiostudiow.com.br\/site\/wp-json\/wp\/v2\/posts\/37535\/revisions"}],"predecessor-version":[{"id":37547,"href":"https:\/\/radiostudiow.com.br\/site\/wp-json\/wp\/v2\/posts\/37535\/revisions\/37547"}],"wp:featuredmedia":[{"embeddable":true,"href":"https:\/\/radiostudiow.com.br\/site\/wp-json\/wp\/v2\/media\/37541"}],"wp:attachment":[{"href":"https:\/\/radiostudiow.com.br\/site\/wp-json\/wp\/v2\/media?parent=37535"}],"wp:term":[{"taxonomy":"category","embeddable":true,"href":"https:\/\/radiostudiow.com.br\/site\/wp-json\/wp\/v2\/categories?post=37535"},{"taxonomy":"post_tag","embeddable":true,"href":"https:\/\/radiostudiow.com.br\/site\/wp-json\/wp\/v2\/tags?post=37535"}],"curies":[{"name":"wp","href":"https:\/\/api.w.org\/{rel}","templated":true}]}}