{"id":37544,"date":"2025-05-02T10:22:33","date_gmt":"2025-05-02T13:22:33","guid":{"rendered":"https:\/\/radiostudiow.com.br\/site\/?p=37544"},"modified":"2025-05-02T10:22:33","modified_gmt":"2025-05-02T13:22:33","slug":"caminhao-carregado-com-cal-sai-da-pista-na-br-373-entre-guamiranga-e-imbituva","status":"publish","type":"post","link":"https:\/\/radiostudiow.com.br\/site\/2025\/05\/02\/caminhao-carregado-com-cal-sai-da-pista-na-br-373-entre-guamiranga-e-imbituva\/","title":{"rendered":"Caminh\u00e3o carregado com cal sai da pista na BR-373 entre Guamiranga e Imbituva"},"content":{"rendered":"\n<p><\/p>\n\n\n\n<figure class=\"wp-block-image size-full\"><img loading=\"lazy\" decoding=\"async\" width=\"897\" height=\"204\" src=\"https:\/\/radiostudiow.com.br\/site\/wp-content\/uploads\/2025\/03\/BARAO-NOVO-NOTICIAS-1.jpg\" alt=\"\" class=\"wp-image-35084\" srcset=\"https:\/\/radiostudiow.com.br\/site\/wp-content\/uploads\/2025\/03\/BARAO-NOVO-NOTICIAS-1.jpg 897w, https:\/\/radiostudiow.com.br\/site\/wp-content\/uploads\/2025\/03\/BARAO-NOVO-NOTICIAS-1-300x68.jpg 300w, https:\/\/radiostudiow.com.br\/site\/wp-content\/uploads\/2025\/03\/BARAO-NOVO-NOTICIAS-1-768x175.jpg 768w\" sizes=\"auto, (max-width: 897px) 100vw, 897px\" \/><\/figure>\n\n\n\n<p>Um caminh\u00e3o bitrem carregado com cal saiu da pista no final da tarde desta quinta-feira (1\u00ba), na BR-373, na altura do km 237, na localidade do Tigre, trecho entre os munic\u00edpios de Guamiranga e Imbituva.<\/p>\n\n\n\n<p>De acordo com a Pol\u00edcia Rodovi\u00e1ria Federal (PRF), o acidente ocorreu por volta das 17h10 e, felizmente, n\u00e3o houve feridos. <\/p>\n\n\n\n<p><strong>O ve\u00edculo, com placas da cidade de Colombo, realizava o trajeto quando perdeu o controle e saiu da pista, caracterizando um sinistro do tipo &#8220;sa\u00edda de pista&#8221;.<\/strong><\/p>\n\n\n\n<p><\/p>\n\n\n\n<figure class=\"wp-block-image size-full\"><img loading=\"lazy\" decoding=\"async\" width=\"584\" height=\"343\" src=\"https:\/\/radiostudiow.com.br\/site\/wp-content\/uploads\/2025\/05\/9f25584e-4294-4dbc-bfdd-fb135cb9e5ed.jpg\" alt=\"\" class=\"wp-image-37545\" srcset=\"https:\/\/radiostudiow.com.br\/site\/wp-content\/uploads\/2025\/05\/9f25584e-4294-4dbc-bfdd-fb135cb9e5ed.jpg 584w, https:\/\/radiostudiow.com.br\/site\/wp-content\/uploads\/2025\/05\/9f25584e-4294-4dbc-bfdd-fb135cb9e5ed-300x176.jpg 300w\" sizes=\"auto, (max-width: 584px) 100vw, 584px\" \/><\/figure>\n\n\n\n<figure class=\"wp-block-image size-full\"><img loading=\"lazy\" decoding=\"async\" width=\"598\" height=\"204\" src=\"https:\/\/radiostudiow.com.br\/site\/wp-content\/uploads\/2025\/01\/SITE-MEDIO7.png\" alt=\"\" class=\"wp-image-32801\" srcset=\"https:\/\/radiostudiow.com.br\/site\/wp-content\/uploads\/2025\/01\/SITE-MEDIO7.png 598w, https:\/\/radiostudiow.com.br\/site\/wp-content\/uploads\/2025\/01\/SITE-MEDIO7-300x102.png 300w\" sizes=\"auto, (max-width: 598px) 100vw, 598px\" \/><\/figure>\n\n\n\n<p><\/p>\n\n\n\n<p>Para a remo\u00e7\u00e3o do caminh\u00e3o, a via precisou ser parcialmente interditada, operando no sistema &#8220;pare e siga&#8221; entre 18h35 e 19h45. Apesar da interdi\u00e7\u00e3o tempor\u00e1ria, n\u00e3o houve registro de forma\u00e7\u00e3o de filas no trecho.<\/p>\n\n\n\n<p>As causas da sa\u00edda de pista ainda ser\u00e3o apuradas.<\/p>\n\n\n\n<p><em>Informa\u00e7\u00f5es: PRF \/ Rep\u00f3rter Kiko de Oliveira<\/em><br><em>Imagem: PRF e Redes Sociais \/ Divulga\u00e7\u00e3o<\/em><\/p>\n\n\n\n<p><\/p>\n","protected":false},"excerpt":{"rendered":"<p>Um caminh\u00e3o bitrem carregado com cal saiu da pista no final da tarde desta quinta-feira (1\u00ba), na BR-373, na altura do km 237, na localidade do Tigre, trecho entre os munic\u00edpios de Guamiranga e Imbituva. De acordo com a Pol\u00edcia Rodovi\u00e1ria Federal (PRF), o acidente ocorreu por volta das 17h10 e, felizmente, n\u00e3o houve feridos. [&hellip;]<\/p>\n","protected":false},"author":2,"featured_media":37546,"comment_status":"open","ping_status":"open","sticky":false,"template":"","format":"standard","meta":{"footnotes":""},"categories":[7],"tags":[172],"class_list":["post-37544","post","type-post","status-publish","format-standard","has-post-thumbnail","hentry","category-geral","tag-featured"],"amp_enabled":true,"_links":{"self":[{"href":"https:\/\/radiostudiow.com.br\/site\/wp-json\/wp\/v2\/posts\/37544","targetHints":{"allow":["GET"]}}],"collection":[{"href":"https:\/\/radiostudiow.com.br\/site\/wp-json\/wp\/v2\/posts"}],"about":[{"href":"https:\/\/radiostudiow.com.br\/site\/wp-json\/wp\/v2\/types\/post"}],"author":[{"embeddable":true,"href":"https:\/\/radiostudiow.com.br\/site\/wp-json\/wp\/v2\/users\/2"}],"replies":[{"embeddable":true,"href":"https:\/\/radiostudiow.com.br\/site\/wp-json\/wp\/v2\/comments?post=37544"}],"version-history":[{"count":1,"href":"https:\/\/radiostudiow.com.br\/site\/wp-json\/wp\/v2\/posts\/37544\/revisions"}],"predecessor-version":[{"id":37551,"href":"https:\/\/radiostudiow.com.br\/site\/wp-json\/wp\/v2\/posts\/37544\/revisions\/37551"}],"wp:featuredmedia":[{"embeddable":true,"href":"https:\/\/radiostudiow.com.br\/site\/wp-json\/wp\/v2\/media\/37546"}],"wp:attachment":[{"href":"https:\/\/radiostudiow.com.br\/site\/wp-json\/wp\/v2\/media?parent=37544"}],"wp:term":[{"taxonomy":"category","embeddable":true,"href":"https:\/\/radiostudiow.com.br\/site\/wp-json\/wp\/v2\/categories?post=37544"},{"taxonomy":"post_tag","embeddable":true,"href":"https:\/\/radiostudiow.com.br\/site\/wp-json\/wp\/v2\/tags?post=37544"}],"curies":[{"name":"wp","href":"https:\/\/api.w.org\/{rel}","templated":true}]}}