{"id":37553,"date":"2025-05-02T11:36:38","date_gmt":"2025-05-02T14:36:38","guid":{"rendered":"https:\/\/radiostudiow.com.br\/site\/?p=37553"},"modified":"2025-05-02T11:36:38","modified_gmt":"2025-05-02T14:36:38","slug":"policia-militar-prende-duas-pessoas-por-trafico-de-drogas-no-feriado-do-dia-do-trabalhador-em-uniao-da-vitoria","status":"publish","type":"post","link":"https:\/\/radiostudiow.com.br\/site\/2025\/05\/02\/policia-militar-prende-duas-pessoas-por-trafico-de-drogas-no-feriado-do-dia-do-trabalhador-em-uniao-da-vitoria\/","title":{"rendered":"Pol\u00edcia Militar prende duas pessoas por tr\u00e1fico de drogas no feriado do Dia do Trabalhador em Uni\u00e3o da Vit\u00f3ria"},"content":{"rendered":"\n<p><\/p>\n\n\n\n<figure class=\"wp-block-image size-full\"><img loading=\"lazy\" decoding=\"async\" width=\"897\" height=\"204\" src=\"https:\/\/radiostudiow.com.br\/site\/wp-content\/uploads\/2025\/03\/BARAO-NOVO-NOTICIAS-1.jpg\" alt=\"\" class=\"wp-image-35084\" srcset=\"https:\/\/radiostudiow.com.br\/site\/wp-content\/uploads\/2025\/03\/BARAO-NOVO-NOTICIAS-1.jpg 897w, https:\/\/radiostudiow.com.br\/site\/wp-content\/uploads\/2025\/03\/BARAO-NOVO-NOTICIAS-1-300x68.jpg 300w, https:\/\/radiostudiow.com.br\/site\/wp-content\/uploads\/2025\/03\/BARAO-NOVO-NOTICIAS-1-768x175.jpg 768w\" sizes=\"auto, (max-width: 897px) 100vw, 897px\" \/><\/figure>\n\n\n\n<p><\/p>\n\n\n\n<p>Duas pessoas foram presas por tr\u00e1fico de drogas nesta quinta-feira (1\u00ba), feriado do Dia do Trabalhador, no bairro S\u00e3o Crist\u00f3v\u00e3o, em Uni\u00e3o da Vit\u00f3ria. As a\u00e7\u00f5es foram realizadas em momentos distintos pela Pol\u00edcia Militar, durante patrulhamento preventivo na regi\u00e3o.<\/p>\n\n\n\n<p>A primeira pris\u00e3o ocorreu por volta das 15h15. De acordo com a PM, a equipe avistou duas mulheres sentadas na cal\u00e7ada e realizou a abordagem. Uma delas foi liberada ap\u00f3s revista pessoal, sem que nenhum material il\u00edcito fosse encontrado.<\/p>\n\n\n\n<p>A segunda mulher, por\u00e9m, resistiu \u00e0s ordens da guarni\u00e7\u00e3o e, durante a revista, foram localizadas cinco pedras de subst\u00e2ncia an\u00e1loga a crack escondidas no bolso da cal\u00e7a, al\u00e9m de diversas c\u00e9dulas trocadas, o que refor\u00e7ou a suspeita de tr\u00e1fico.<\/p>\n\n\n\n<p>A suspeita foi presa em flagrante e conduzida \u00e0 delegacia para os procedimentos legais.<\/p>\n\n\n\n<p>A segunda ocorr\u00eancia foi registrada por volta das 22h, tamb\u00e9m no bairro S\u00e3o Crist\u00f3v\u00e3o. Durante patrulhamento, os policiais abordaram um homem que, ao perceber a presen\u00e7a da equipe, tentou se desfazer de uma embalagem jogando-a no ch\u00e3o.<\/p>\n\n\n\n<p>Nada de il\u00edcito foi encontrado com ele, mas ao verificar o pacote descartado, os policiais localizaram 8,7 gramas de subst\u00e2ncia an\u00e1loga \u00e0 coca\u00edna.<\/p>\n\n\n\n<p>O homem recebeu voz de pris\u00e3o e foi encaminhado \u00e0 Central de Flagrantes para aprecia\u00e7\u00e3o da autoridade policial de plant\u00e3o.<\/p>\n\n\n\n<figure class=\"wp-block-image size-full\"><img decoding=\"async\" src=\"https:\/\/radiostudiow.com.br\/site\/wp-content\/uploads\/2022\/05\/NUTRI-MALLET.jpg\" alt=\"\" class=\"wp-image-7282\"\/><\/figure>\n\n\n\n<p>As a\u00e7\u00f5es integram os esfor\u00e7os cont\u00ednuos da Pol\u00edcia Militar no combate ao tr\u00e1fico de drogas e na promo\u00e7\u00e3o da seguran\u00e7a p\u00fablica na regi\u00e3o.<\/p>\n\n\n\n<p><em>Informa\u00e7\u00f5es: Pol\u00edcia Militar \u2013 27\u00ba BPM<\/em><\/p>\n","protected":false},"excerpt":{"rendered":"<p>Duas pessoas foram presas por tr\u00e1fico de drogas nesta quinta-feira (1\u00ba), feriado do Dia do Trabalhador, no bairro S\u00e3o Crist\u00f3v\u00e3o, em Uni\u00e3o da Vit\u00f3ria. As a\u00e7\u00f5es foram realizadas em momentos distintos pela Pol\u00edcia Militar, durante patrulhamento preventivo na regi\u00e3o. A primeira pris\u00e3o ocorreu por volta das 15h15. De acordo com a PM, a equipe avistou [&hellip;]<\/p>\n","protected":false},"author":2,"featured_media":37554,"comment_status":"open","ping_status":"open","sticky":false,"template":"","format":"standard","meta":{"footnotes":""},"categories":[2],"tags":[172],"class_list":["post-37553","post","type-post","status-publish","format-standard","has-post-thumbnail","hentry","category-policial","tag-featured"],"amp_enabled":true,"_links":{"self":[{"href":"https:\/\/radiostudiow.com.br\/site\/wp-json\/wp\/v2\/posts\/37553","targetHints":{"allow":["GET"]}}],"collection":[{"href":"https:\/\/radiostudiow.com.br\/site\/wp-json\/wp\/v2\/posts"}],"about":[{"href":"https:\/\/radiostudiow.com.br\/site\/wp-json\/wp\/v2\/types\/post"}],"author":[{"embeddable":true,"href":"https:\/\/radiostudiow.com.br\/site\/wp-json\/wp\/v2\/users\/2"}],"replies":[{"embeddable":true,"href":"https:\/\/radiostudiow.com.br\/site\/wp-json\/wp\/v2\/comments?post=37553"}],"version-history":[{"count":1,"href":"https:\/\/radiostudiow.com.br\/site\/wp-json\/wp\/v2\/posts\/37553\/revisions"}],"predecessor-version":[{"id":37555,"href":"https:\/\/radiostudiow.com.br\/site\/wp-json\/wp\/v2\/posts\/37553\/revisions\/37555"}],"wp:featuredmedia":[{"embeddable":true,"href":"https:\/\/radiostudiow.com.br\/site\/wp-json\/wp\/v2\/media\/37554"}],"wp:attachment":[{"href":"https:\/\/radiostudiow.com.br\/site\/wp-json\/wp\/v2\/media?parent=37553"}],"wp:term":[{"taxonomy":"category","embeddable":true,"href":"https:\/\/radiostudiow.com.br\/site\/wp-json\/wp\/v2\/categories?post=37553"},{"taxonomy":"post_tag","embeddable":true,"href":"https:\/\/radiostudiow.com.br\/site\/wp-json\/wp\/v2\/tags?post=37553"}],"curies":[{"name":"wp","href":"https:\/\/api.w.org\/{rel}","templated":true}]}}