{"id":37556,"date":"2025-05-02T12:02:19","date_gmt":"2025-05-02T15:02:19","guid":{"rendered":"https:\/\/radiostudiow.com.br\/site\/?p=37556"},"modified":"2025-05-02T12:02:20","modified_gmt":"2025-05-02T15:02:20","slug":"homem-e-preso-portando-um-machado-e-ameacando-pessoas-em-via-publica-em-general-carneiro","status":"publish","type":"post","link":"https:\/\/radiostudiow.com.br\/site\/2025\/05\/02\/homem-e-preso-portando-um-machado-e-ameacando-pessoas-em-via-publica-em-general-carneiro\/","title":{"rendered":"Homem \u00e9 preso portando um machado e amea\u00e7ando pessoas em via p\u00fablica em General Carneiro"},"content":{"rendered":"\n<p><\/p>\n\n\n\n<figure class=\"wp-block-image size-full\"><img loading=\"lazy\" decoding=\"async\" width=\"897\" height=\"204\" src=\"https:\/\/radiostudiow.com.br\/site\/wp-content\/uploads\/2025\/02\/SITE-GRANDE7.png\" alt=\"\" class=\"wp-image-33861\" srcset=\"https:\/\/radiostudiow.com.br\/site\/wp-content\/uploads\/2025\/02\/SITE-GRANDE7.png 897w, https:\/\/radiostudiow.com.br\/site\/wp-content\/uploads\/2025\/02\/SITE-GRANDE7-300x68.png 300w, https:\/\/radiostudiow.com.br\/site\/wp-content\/uploads\/2025\/02\/SITE-GRANDE7-768x175.png 768w\" sizes=\"auto, (max-width: 897px) 100vw, 897px\" \/><\/figure>\n\n\n\n<p><\/p>\n\n\n\n<p>A Pol\u00edcia Militar prendeu um homem por amea\u00e7a e dano ao patrim\u00f4nio p\u00fablico na tarde desta quinta-feira (1\u00ba), no bairro Planalto, em General Carneiro.<\/p>\n\n\n\n<p> A ocorr\u00eancia foi registrada por volta das 17h30, ap\u00f3s o suspeito ser flagrado em surto, portando um machado e amea\u00e7ando pessoas em via p\u00fablica.<\/p>\n\n\n\n<p>De acordo com a PM, a equipe foi acionada por populares e, ao chegar ao local, encontrou o indiv\u00edduo do lado de fora de uma resid\u00eancia. Com o apoio de uma equipe do SAMU, o homem foi contido e encaminhado para atendimento m\u00e9dico na Unidade de Pronto Atendimento (UPA).<\/p>\n\n\n\n<p>Durante a ocorr\u00eancia, foram constatados danos em resid\u00eancias envolvidas, como m\u00f3veis e vidros quebrados. Familiares relataram que o suspeito possui hist\u00f3rico de uso de entorpecentes e amea\u00e7as anteriores.<\/p>\n\n\n\n<figure class=\"wp-block-image size-full\"><img loading=\"lazy\" decoding=\"async\" width=\"897\" height=\"204\" src=\"https:\/\/radiostudiow.com.br\/site\/wp-content\/uploads\/2025\/03\/image-62.png\" alt=\"\" class=\"wp-image-35859\" srcset=\"https:\/\/radiostudiow.com.br\/site\/wp-content\/uploads\/2025\/03\/image-62.png 897w, https:\/\/radiostudiow.com.br\/site\/wp-content\/uploads\/2025\/03\/image-62-300x68.png 300w, https:\/\/radiostudiow.com.br\/site\/wp-content\/uploads\/2025\/03\/image-62-768x175.png 768w\" sizes=\"auto, (max-width: 897px) 100vw, 897px\" \/><\/figure>\n\n\n\n<p><\/p>\n\n\n\n<p>Ap\u00f3s ser atendido e n\u00e3o apresentar les\u00f5es, o homem foi preso e encaminhado \u00e0 delegacia de pol\u00edcia para os procedimentos legais. A v\u00edtima formalizou o desejo de representa\u00e7\u00e3o contra o autor.<\/p>\n\n\n\n<p><em>Informa\u00e7\u00f5es: Pol\u00edcia Militar \u2013 General Carneiro \/ 27\u00ba BPM<\/em><\/p>\n","protected":false},"excerpt":{"rendered":"<p>A Pol\u00edcia Militar prendeu um homem por amea\u00e7a e dano ao patrim\u00f4nio p\u00fablico na tarde desta quinta-feira (1\u00ba), no bairro Planalto, em General Carneiro. A ocorr\u00eancia foi registrada por volta das 17h30, ap\u00f3s o suspeito ser flagrado em surto, portando um machado e amea\u00e7ando pessoas em via p\u00fablica. De acordo com a PM, a equipe [&hellip;]<\/p>\n","protected":false},"author":2,"featured_media":11361,"comment_status":"open","ping_status":"open","sticky":false,"template":"","format":"standard","meta":{"footnotes":""},"categories":[2],"tags":[172],"class_list":["post-37556","post","type-post","status-publish","format-standard","has-post-thumbnail","hentry","category-policial","tag-featured"],"amp_enabled":true,"_links":{"self":[{"href":"https:\/\/radiostudiow.com.br\/site\/wp-json\/wp\/v2\/posts\/37556","targetHints":{"allow":["GET"]}}],"collection":[{"href":"https:\/\/radiostudiow.com.br\/site\/wp-json\/wp\/v2\/posts"}],"about":[{"href":"https:\/\/radiostudiow.com.br\/site\/wp-json\/wp\/v2\/types\/post"}],"author":[{"embeddable":true,"href":"https:\/\/radiostudiow.com.br\/site\/wp-json\/wp\/v2\/users\/2"}],"replies":[{"embeddable":true,"href":"https:\/\/radiostudiow.com.br\/site\/wp-json\/wp\/v2\/comments?post=37556"}],"version-history":[{"count":2,"href":"https:\/\/radiostudiow.com.br\/site\/wp-json\/wp\/v2\/posts\/37556\/revisions"}],"predecessor-version":[{"id":37558,"href":"https:\/\/radiostudiow.com.br\/site\/wp-json\/wp\/v2\/posts\/37556\/revisions\/37558"}],"wp:featuredmedia":[{"embeddable":true,"href":"https:\/\/radiostudiow.com.br\/site\/wp-json\/wp\/v2\/media\/11361"}],"wp:attachment":[{"href":"https:\/\/radiostudiow.com.br\/site\/wp-json\/wp\/v2\/media?parent=37556"}],"wp:term":[{"taxonomy":"category","embeddable":true,"href":"https:\/\/radiostudiow.com.br\/site\/wp-json\/wp\/v2\/categories?post=37556"},{"taxonomy":"post_tag","embeddable":true,"href":"https:\/\/radiostudiow.com.br\/site\/wp-json\/wp\/v2\/tags?post=37556"}],"curies":[{"name":"wp","href":"https:\/\/api.w.org\/{rel}","templated":true}]}}