{"id":37560,"date":"2025-05-02T18:38:51","date_gmt":"2025-05-02T21:38:51","guid":{"rendered":"https:\/\/radiostudiow.com.br\/site\/?p=37560"},"modified":"2025-05-02T18:47:36","modified_gmt":"2025-05-02T21:47:36","slug":"enem-2025-prazo-para-pedir-isencao-da-taxa-termina-nesta-sexta-feira","status":"publish","type":"post","link":"https:\/\/radiostudiow.com.br\/site\/2025\/05\/02\/enem-2025-prazo-para-pedir-isencao-da-taxa-termina-nesta-sexta-feira\/","title":{"rendered":"Enem 2025. Prazo para pedir isen\u00e7\u00e3o da taxa termina nesta sexta-feira"},"content":{"rendered":"\n<figure class=\"wp-block-image size-full\"><img loading=\"lazy\" decoding=\"async\" width=\"897\" height=\"204\" src=\"https:\/\/radiostudiow.com.br\/site\/wp-content\/uploads\/2025\/03\/SITE-GRANDE5.png\" alt=\"\" class=\"wp-image-35420\" srcset=\"https:\/\/radiostudiow.com.br\/site\/wp-content\/uploads\/2025\/03\/SITE-GRANDE5.png 897w, https:\/\/radiostudiow.com.br\/site\/wp-content\/uploads\/2025\/03\/SITE-GRANDE5-300x68.png 300w, https:\/\/radiostudiow.com.br\/site\/wp-content\/uploads\/2025\/03\/SITE-GRANDE5-768x175.png 768w\" sizes=\"auto, (max-width: 897px) 100vw, 897px\" \/><\/figure>\n\n\n\n<p><\/p>\n\n\n\n<p><strong>Candidatos devem justificar aus\u00eancia no Enem 2024 e solicitar isen\u00e7\u00e3o at\u00e9 23h59; resultado ser\u00e1 divulgado em 12 de maio<\/strong><\/p>\n\n\n\n<p>O prazo para solicitar a&nbsp;<strong>isen\u00e7\u00e3o da taxa de inscri\u00e7\u00e3o do Enem 2025<\/strong>&nbsp;termina \u00e0s 23h59 desta sexta-feira (2), conforme hor\u00e1rio de Bras\u00edlia. A data foi prorrogada pelo Minist\u00e9rio da Educa\u00e7\u00e3o (MEC) no dia 25 de abril.<\/p>\n\n\n\n<p>Os pedidos devem ser enviados exclusivamente pela internet, por meio da P\u00e1gina do Participante, com acesso via login na plataforma Gov.br.<\/p>\n\n\n\n<p>O mesmo prazo vale para quem teve isen\u00e7\u00e3o no Enem 2024, mas n\u00e3o compareceu aos dias de prova e deseja participar gratuitamente novamente. Nesse caso, \u00e9 obrigat\u00f3rio apresentar a justificativa de aus\u00eancia, tamb\u00e9m pela P\u00e1gina do Participante. O Instituto Nacional de Estudos e Pesquisas Educacionais An\u00edsio Teixeira (Inep), respons\u00e1vel pela aplica\u00e7\u00e3o do exame, refor\u00e7a que a justificativa precisa estar relacionada aos dias oficiais de aplica\u00e7\u00e3o da prova \u2014 3 e 10 de novembro de 2024 \u2014 ou \u00e0s datas de reaplica\u00e7\u00e3o, em 10 e 11 de dezembro do mesmo ano.<\/p>\n\n\n\n<figure class=\"wp-block-image size-full\"><img loading=\"lazy\" decoding=\"async\" width=\"897\" height=\"204\" src=\"https:\/\/radiostudiow.com.br\/site\/wp-content\/uploads\/2025\/02\/SITE-GRANDE7.png\" alt=\"\" class=\"wp-image-33861\" srcset=\"https:\/\/radiostudiow.com.br\/site\/wp-content\/uploads\/2025\/02\/SITE-GRANDE7.png 897w, https:\/\/radiostudiow.com.br\/site\/wp-content\/uploads\/2025\/02\/SITE-GRANDE7-300x68.png 300w, https:\/\/radiostudiow.com.br\/site\/wp-content\/uploads\/2025\/02\/SITE-GRANDE7-768x175.png 768w\" sizes=\"auto, (max-width: 897px) 100vw, 897px\" \/><\/figure>\n\n\n\n<p><\/p>\n\n\n\n<h3 class=\"wp-block-heading\">Quem pode pedir isen\u00e7\u00e3o<\/h3>\n\n\n\n<p>De acordo com o MEC, t\u00eam direito \u00e0 isen\u00e7\u00e3o da taxa de inscri\u00e7\u00e3o do Enem 2025 os seguintes grupos:<\/p>\n\n\n\n<ul class=\"wp-block-list\">\n<li>Estudantes matriculados na 3\u00aa s\u00e9rie do ensino m\u00e9dio em escola p\u00fablica em 2025;<\/li>\n\n\n\n<li>Candidatos que cursaram todo o ensino m\u00e9dio em escola p\u00fablica ou como bolsistas integrais em escolas particulares;<\/li>\n\n\n\n<li>Pessoas em situa\u00e7\u00e3o de vulnerabilidade socioecon\u00f4mica, inscritas no Cadastro \u00danico para Programas Sociais do Governo Federal (Cad\u00danico);<\/li>\n\n\n\n<li>Participantes do programa federal P\u00e9-de-Meia.<\/li>\n<\/ul>\n\n\n\n<h3 class=\"wp-block-heading\">Justificativas aceitas para aus\u00eancia no Enem 2024<\/h3>\n\n\n\n<p>Para obter nova isen\u00e7\u00e3o, os candidatos ausentes no Enem 2024 devem apresentar uma justificativa v\u00e1lida. Entre os motivos aceitos pelo Inep est\u00e3o:<\/p>\n\n\n\n<ul class=\"wp-block-list\">\n<li>Assalto ou furto;<\/li>\n\n\n\n<li>Acidente de tr\u00e2nsito;<\/li>\n\n\n\n<li>Falecimento de familiar;<\/li>\n\n\n\n<li>Maternidade ou paternidade;<\/li>\n\n\n\n<li>Mudan\u00e7a de domic\u00edlio para acompanhar familiar;<\/li>\n\n\n\n<li>Priva\u00e7\u00e3o de liberdade;<\/li>\n\n\n\n<li>Emerg\u00eancia m\u00e9dica ou odontol\u00f3gica (interna\u00e7\u00e3o ou repouso);<\/li>\n\n\n\n<li>Compromissos profissionais ou escolares.<\/li>\n<\/ul>\n\n\n\n<h3 class=\"wp-block-heading\">Cronograma da isen\u00e7\u00e3o<\/h3>\n\n\n\n<p>O resultado da an\u00e1lise das justificativas de aus\u00eancia e dos pedidos de isen\u00e7\u00e3o ser\u00e1 divulgado em 12 de maio. Candidatos que tiverem a solicita\u00e7\u00e3o negada poder\u00e3o apresentar recurso entre os dias 12 e 16 de maio. O resultado final sair\u00e1 em 22 de maio.<\/p>\n\n\n\n<p>Mesmo com a isen\u00e7\u00e3o aprovada, o candidato dever\u00e1 realizar a inscri\u00e7\u00e3o para o Enem 2025 dentro do prazo que ser\u00e1 informado em edital futuro. Caso o pedido de isen\u00e7\u00e3o seja negado e o candidato n\u00e3o entre com recurso, ser\u00e1 necess\u00e1rio pagar a taxa de inscri\u00e7\u00e3o \u2014 cujo valor ainda n\u00e3o foi definido, mas que foi de R$ 85 em 2024.<\/p>\n\n\n\n<p><\/p>\n\n\n\n<figure class=\"wp-block-image size-full\"><img loading=\"lazy\" decoding=\"async\" width=\"897\" height=\"204\" src=\"https:\/\/radiostudiow.com.br\/site\/wp-content\/uploads\/2025\/03\/image-62.png\" alt=\"\" class=\"wp-image-35859\" srcset=\"https:\/\/radiostudiow.com.br\/site\/wp-content\/uploads\/2025\/03\/image-62.png 897w, https:\/\/radiostudiow.com.br\/site\/wp-content\/uploads\/2025\/03\/image-62-300x68.png 300w, https:\/\/radiostudiow.com.br\/site\/wp-content\/uploads\/2025\/03\/image-62-768x175.png 768w\" sizes=\"auto, (max-width: 897px) 100vw, 897px\" \/><\/figure>\n\n\n\n<p>Na edi\u00e7\u00e3o passada, 63,6% dos 4,3 milh\u00f5es de inscritos foram isentos do pagamento da taxa.<\/p>\n\n\n\n<p><\/p>\n\n\n\n<p><strong>Informa\u00e7\u00f5es da Ag\u00eancia Brasil\/VVale<\/strong><\/p>\n\n\n\n<p><\/p>\n","protected":false},"excerpt":{"rendered":"<p>Candidatos devem justificar aus\u00eancia no Enem 2024 e solicitar isen\u00e7\u00e3o at\u00e9 23h59; resultado ser\u00e1 divulgado em 12 de maio O prazo para solicitar a&nbsp;isen\u00e7\u00e3o da taxa de inscri\u00e7\u00e3o do Enem 2025&nbsp;termina \u00e0s 23h59 desta sexta-feira (2), conforme hor\u00e1rio de Bras\u00edlia. A data foi prorrogada pelo Minist\u00e9rio da Educa\u00e7\u00e3o (MEC) no dia 25 de abril. Os [&hellip;]<\/p>\n","protected":false},"author":2,"featured_media":37561,"comment_status":"open","ping_status":"open","sticky":false,"template":"","format":"standard","meta":{"footnotes":""},"categories":[7],"tags":[172],"class_list":["post-37560","post","type-post","status-publish","format-standard","has-post-thumbnail","hentry","category-geral","tag-featured"],"amp_enabled":true,"_links":{"self":[{"href":"https:\/\/radiostudiow.com.br\/site\/wp-json\/wp\/v2\/posts\/37560","targetHints":{"allow":["GET"]}}],"collection":[{"href":"https:\/\/radiostudiow.com.br\/site\/wp-json\/wp\/v2\/posts"}],"about":[{"href":"https:\/\/radiostudiow.com.br\/site\/wp-json\/wp\/v2\/types\/post"}],"author":[{"embeddable":true,"href":"https:\/\/radiostudiow.com.br\/site\/wp-json\/wp\/v2\/users\/2"}],"replies":[{"embeddable":true,"href":"https:\/\/radiostudiow.com.br\/site\/wp-json\/wp\/v2\/comments?post=37560"}],"version-history":[{"count":2,"href":"https:\/\/radiostudiow.com.br\/site\/wp-json\/wp\/v2\/posts\/37560\/revisions"}],"predecessor-version":[{"id":37563,"href":"https:\/\/radiostudiow.com.br\/site\/wp-json\/wp\/v2\/posts\/37560\/revisions\/37563"}],"wp:featuredmedia":[{"embeddable":true,"href":"https:\/\/radiostudiow.com.br\/site\/wp-json\/wp\/v2\/media\/37561"}],"wp:attachment":[{"href":"https:\/\/radiostudiow.com.br\/site\/wp-json\/wp\/v2\/media?parent=37560"}],"wp:term":[{"taxonomy":"category","embeddable":true,"href":"https:\/\/radiostudiow.com.br\/site\/wp-json\/wp\/v2\/categories?post=37560"},{"taxonomy":"post_tag","embeddable":true,"href":"https:\/\/radiostudiow.com.br\/site\/wp-json\/wp\/v2\/tags?post=37560"}],"curies":[{"name":"wp","href":"https:\/\/api.w.org\/{rel}","templated":true}]}}