{"id":37564,"date":"2025-05-02T19:02:00","date_gmt":"2025-05-02T22:02:00","guid":{"rendered":"https:\/\/radiostudiow.com.br\/site\/?p=37564"},"modified":"2025-05-02T19:02:01","modified_gmt":"2025-05-02T22:02:01","slug":"13o-salario-comecou-ser-pago-a-aposentados-do-inss-que-ganham-mais-que-o-minimo","status":"publish","type":"post","link":"https:\/\/radiostudiow.com.br\/site\/2025\/05\/02\/13o-salario-comecou-ser-pago-a-aposentados-do-inss-que-ganham-mais-que-o-minimo\/","title":{"rendered":"13\u00ba Sal\u00e1rio come\u00e7ou ser pago a aposentados do INSS que ganham mais que o m\u00ednimo"},"content":{"rendered":"\n<p><\/p>\n\n\n\n<figure class=\"wp-block-image size-full\"><img loading=\"lazy\" decoding=\"async\" width=\"897\" height=\"204\" src=\"https:\/\/radiostudiow.com.br\/site\/wp-content\/uploads\/2025\/03\/BARAO-NOVO-NOTICIAS-1.jpg\" alt=\"\" class=\"wp-image-35084\" srcset=\"https:\/\/radiostudiow.com.br\/site\/wp-content\/uploads\/2025\/03\/BARAO-NOVO-NOTICIAS-1.jpg 897w, https:\/\/radiostudiow.com.br\/site\/wp-content\/uploads\/2025\/03\/BARAO-NOVO-NOTICIAS-1-300x68.jpg 300w, https:\/\/radiostudiow.com.br\/site\/wp-content\/uploads\/2025\/03\/BARAO-NOVO-NOTICIAS-1-768x175.jpg 768w\" sizes=\"auto, (max-width: 897px) 100vw, 897px\" \/><\/figure>\n\n\n\n<p><\/p>\n\n\n\n<p>Os aposentados, pensionistas e benefici\u00e1rios de aux\u00edlios do Instituto Nacional do Seguro Social (INSS) que ganham mais de um sal\u00e1rio m\u00ednimo come\u00e7aram a receber nesta sexta-feira (2) a primeira parcela do d\u00e9cimo terceiro. Feito de forma escalonada, conforme o d\u00edgito final do N\u00famero de Inscri\u00e7\u00e3o Social (NIS). O pagamento vai at\u00e9 8 de maio.<img decoding=\"async\" src=\"https:\/\/agenciabrasil.ebc.com.br\/ebc.png?id=1641188&amp;o=node\"><img decoding=\"async\" src=\"https:\/\/agenciabrasil.ebc.com.br\/ebc.gif?id=1641188&amp;o=node\"><\/p>\n\n\n\n<p>A antecipa\u00e7\u00e3o do d\u00e9cimo terceiro para quem ganha o benef\u00edcio m\u00ednimo, equivalente ao sal\u00e1rio m\u00ednimo de R$ 1.518, come\u00e7ou a ser paga no \u00faltimo dia 24. Ao todo, cerca de 34,2 milh\u00f5es de pessoas est\u00e3o sendo beneficiadas com a medida.<\/p>\n\n\n\n<p>Com previs\u00e3o de injetar R$ 73,3 bilh\u00f5es na economia, a antecipa\u00e7\u00e3o do d\u00e9cimo terceiro do INSS ser\u00e1 paga em duas parcelas. A segunda parcela vai de 26 de maio a 6 de junho. As datas s\u00e3o definidas com base no d\u00edgito final do N\u00famero de Inscri\u00e7\u00e3o Social (NIS) e com base na renda do benefici\u00e1rio. Quem ganha apenas o sal\u00e1rio m\u00ednimo come\u00e7a a receber antes de quem recebe mais que o m\u00ednimo.<\/p>\n\n\n\n<p>Desde 16 de abril, a consulta do d\u00e9cimo terceiro pode ser feita no aplicativo Meu INSS, dispon\u00edvel para celulares e<em>&nbsp;tablets<\/em>, ou no&nbsp;<em>site&nbsp;<\/em>gov.br\/meuinss. Quem n\u00e3o tiver acesso \u00e0 internet pode consultar a libera\u00e7\u00e3o do d\u00e9cimo terceiro pelo telefone 135. Nesse caso, \u00e9 necess\u00e1rio informar o n\u00famero do Cadastro de Pessoas F\u00edsicas (CPF) e confirmar alguns dados ao atendente antes de fazer a consulta. O atendimento telef\u00f4nico est\u00e1 dispon\u00edvel de segunda a s\u00e1bado, das 7h \u00e0s 22h.<\/p>\n\n\n\n<figure class=\"wp-block-image size-large\"><img loading=\"lazy\" decoding=\"async\" width=\"1024\" height=\"248\" src=\"https:\/\/radiostudiow.com.br\/site\/wp-content\/uploads\/2025\/05\/tabela-13-salario-1024x248.jpg\" alt=\"\" class=\"wp-image-37565\" srcset=\"https:\/\/radiostudiow.com.br\/site\/wp-content\/uploads\/2025\/05\/tabela-13-salario-1024x248.jpg 1024w, https:\/\/radiostudiow.com.br\/site\/wp-content\/uploads\/2025\/05\/tabela-13-salario-300x73.jpg 300w, https:\/\/radiostudiow.com.br\/site\/wp-content\/uploads\/2025\/05\/tabela-13-salario-768x186.jpg 768w, https:\/\/radiostudiow.com.br\/site\/wp-content\/uploads\/2025\/05\/tabela-13-salario.jpg 1128w\" sizes=\"auto, (max-width: 1024px) 100vw, 1024px\" \/><\/figure>\n\n\n\n<figure class=\"wp-block-image size-full\"><img loading=\"lazy\" decoding=\"async\" width=\"897\" height=\"204\" src=\"https:\/\/radiostudiow.com.br\/site\/wp-content\/uploads\/2025\/01\/SITE-GRANDE3.png\" alt=\"\" class=\"wp-image-32900\" srcset=\"https:\/\/radiostudiow.com.br\/site\/wp-content\/uploads\/2025\/01\/SITE-GRANDE3.png 897w, https:\/\/radiostudiow.com.br\/site\/wp-content\/uploads\/2025\/01\/SITE-GRANDE3-300x68.png 300w, https:\/\/radiostudiow.com.br\/site\/wp-content\/uploads\/2025\/01\/SITE-GRANDE3-768x175.png 768w\" sizes=\"auto, (max-width: 897px) 100vw, 897px\" \/><\/figure>\n\n\n\n<p>O decreto com a antecipa\u00e7\u00e3o do d\u00e9cimo terceiro do INSS foi assinado no in\u00edcio do m\u00eas passado pelo presidente Luiz In\u00e1cio Lula da Silva. Este ser\u00e1 o sexto ano seguido em que os segurados do INSS receber\u00e3o do d\u00e9cimo terceiro antes das datas tradicionais, em agosto e em dezembro.Em 2020 e 2021, o pagamento ocorreu mais cedo por causa da pandemia de covid-19. Em 2022 e 2023, as parcelas foram pagas em maio e junho. Em 2024, em abril e maio.<\/p>\n\n\n\n<p>Conforme os dados mais recentes do INSS, de fevereiro, 28,68 milh\u00f5es de pessoas, cerca de 70,5% do total dos segurados do INSS, ganham at\u00e9 um sal\u00e1rio m\u00ednimo&nbsp; por&nbsp; m\u00eas&nbsp; (R$ 1.518),&nbsp; enquanto 11,98 milh\u00f5es recebem acima do piso nacional. Desse total, 10,6 mil ganham o teto da Previd\u00eancia Social, que \u00e9 de R$ 8.157,41.<\/p>\n\n\n\n<p>A maioria dos aposentados e pensionistas receber\u00e1 50% do d\u00e9cimo terceiro na primeira parcela. A exce\u00e7\u00e3o \u00e9 para quem passou a receber o benef\u00edcio depois de janeiro e ter\u00e1 o valor calculado proporcionalmente.<\/p>\n\n\n\n<p>O Minist\u00e9rio da Previd\u00eancia esclarece que os segurados que recebem benef\u00edcio por incapacidade tempor\u00e1ria (antigo aux\u00edlio-doen\u00e7a) tamb\u00e9m t\u00eam direito a uma parcela menor do d\u00e9cimo terceiro, calculada de acordo com a dura\u00e7\u00e3o do benef\u00edcio. Por lei, os segurados que recebem benef\u00edcios assistenciais, como o Benef\u00edcio de Presta\u00e7\u00e3o Continuada (BPC) e o Renda Mensal Vital\u00edcia, n\u00e3o t\u00eam direito a d\u00e9cimo terceiro sal\u00e1rio.<\/p>\n\n\n\n<p><\/p>\n\n\n\n<p><strong>FONTE: RDX<\/strong><\/p>\n\n\n\n<p><\/p>\n","protected":false},"excerpt":{"rendered":"<p>Os aposentados, pensionistas e benefici\u00e1rios de aux\u00edlios do Instituto Nacional do Seguro Social (INSS) que ganham mais de um sal\u00e1rio m\u00ednimo come\u00e7aram a receber nesta sexta-feira (2) a primeira parcela do d\u00e9cimo terceiro. Feito de forma escalonada, conforme o d\u00edgito final do N\u00famero de Inscri\u00e7\u00e3o Social (NIS). O pagamento vai at\u00e9 8 de maio. A [&hellip;]<\/p>\n","protected":false},"author":2,"featured_media":37566,"comment_status":"open","ping_status":"open","sticky":false,"template":"","format":"standard","meta":{"footnotes":""},"categories":[7],"tags":[172],"class_list":["post-37564","post","type-post","status-publish","format-standard","has-post-thumbnail","hentry","category-geral","tag-featured"],"amp_enabled":true,"_links":{"self":[{"href":"https:\/\/radiostudiow.com.br\/site\/wp-json\/wp\/v2\/posts\/37564","targetHints":{"allow":["GET"]}}],"collection":[{"href":"https:\/\/radiostudiow.com.br\/site\/wp-json\/wp\/v2\/posts"}],"about":[{"href":"https:\/\/radiostudiow.com.br\/site\/wp-json\/wp\/v2\/types\/post"}],"author":[{"embeddable":true,"href":"https:\/\/radiostudiow.com.br\/site\/wp-json\/wp\/v2\/users\/2"}],"replies":[{"embeddable":true,"href":"https:\/\/radiostudiow.com.br\/site\/wp-json\/wp\/v2\/comments?post=37564"}],"version-history":[{"count":1,"href":"https:\/\/radiostudiow.com.br\/site\/wp-json\/wp\/v2\/posts\/37564\/revisions"}],"predecessor-version":[{"id":37567,"href":"https:\/\/radiostudiow.com.br\/site\/wp-json\/wp\/v2\/posts\/37564\/revisions\/37567"}],"wp:featuredmedia":[{"embeddable":true,"href":"https:\/\/radiostudiow.com.br\/site\/wp-json\/wp\/v2\/media\/37566"}],"wp:attachment":[{"href":"https:\/\/radiostudiow.com.br\/site\/wp-json\/wp\/v2\/media?parent=37564"}],"wp:term":[{"taxonomy":"category","embeddable":true,"href":"https:\/\/radiostudiow.com.br\/site\/wp-json\/wp\/v2\/categories?post=37564"},{"taxonomy":"post_tag","embeddable":true,"href":"https:\/\/radiostudiow.com.br\/site\/wp-json\/wp\/v2\/tags?post=37564"}],"curies":[{"name":"wp","href":"https:\/\/api.w.org\/{rel}","templated":true}]}}