{"id":37585,"date":"2025-05-03T10:22:53","date_gmt":"2025-05-03T13:22:53","guid":{"rendered":"https:\/\/radiostudiow.com.br\/site\/?p=37585"},"modified":"2025-05-03T10:22:53","modified_gmt":"2025-05-03T13:22:53","slug":"policia-militar-de-cruz-machado-atende-ocorrencia-de-violencia-domestica-e-apreende-substancia-entorpecente","status":"publish","type":"post","link":"https:\/\/radiostudiow.com.br\/site\/2025\/05\/03\/policia-militar-de-cruz-machado-atende-ocorrencia-de-violencia-domestica-e-apreende-substancia-entorpecente\/","title":{"rendered":"Pol\u00edcia Militar de Cruz Machado atende ocorr\u00eancia de viol\u00eancia dom\u00e9stica e apreende subst\u00e2ncia entorpecente"},"content":{"rendered":"\n<figure class=\"wp-block-image size-full\"><img decoding=\"async\" src=\"https:\/\/radiostudiow.com.br\/site\/wp-content\/uploads\/2025\/05\/BEAZY.jpg\" alt=\"\" class=\"wp-image-37539\"\/><\/figure>\n\n\n\n<p>A equipe da Pol\u00edcia Militar de Cruz Machado atendeu uma ocorr\u00eancia de viol\u00eancia dom\u00e9stica em um estabelecimento comercial onde o casal reside h\u00e1 cerca de duas semanas. A situa\u00e7\u00e3o foi registrada por volta das 22 horas dessa sexta-feira (02).<\/p>\n\n\n\n<p>No local, a v\u00edtima relatou ter sido agredida pelo companheiro durante uma discuss\u00e3o, sendo atingida por um tapa no rosto. O homem, por sua vez, alegou leg\u00edtima defesa, afirmando ter sido arranhado antes de empurr\u00e1-la.<\/p>\n\n\n\n<p>Ambos foram encaminhados \u00e0 Delegacia de Pol\u00edcia Civil, onde foram adotadas as medidas cab\u00edveis com base na Lei Maria da Penha, incluindo o encaminhamento para poss\u00edvel concess\u00e3o de medidas protetivas.<\/p>\n\n\n\n<figure class=\"wp-block-image size-full\"><img loading=\"lazy\" decoding=\"async\" width=\"300\" height=\"180\" src=\"https:\/\/radiostudiow.com.br\/site\/wp-content\/uploads\/2025\/04\/gifpequeno.gif\" alt=\"\" class=\"wp-image-37405\"\/><\/figure>\n\n\n\n<p>Durante a a\u00e7\u00e3o, os policiais encontraram com a mulher uma subst\u00e2ncia an\u00e1loga \u00e0 maconha, que, segundo ela, pertenceria ao companheiro. O material foi apreendido para investiga\u00e7\u00e3o.<\/p>\n\n\n\n<p>Todas as provid\u00eancias legais foram tomadas, visando \u00e0 preserva\u00e7\u00e3o da seguran\u00e7ae dos direitos das partes envolvidas.<\/p>\n","protected":false},"excerpt":{"rendered":"<p>A equipe da Pol\u00edcia Militar de Cruz Machado atendeu uma ocorr\u00eancia de viol\u00eancia dom\u00e9stica em um estabelecimento comercial onde o casal reside h\u00e1 cerca de duas semanas. A situa\u00e7\u00e3o foi registrada por volta das 22 horas dessa sexta-feira (02). No local, a v\u00edtima relatou ter sido agredida pelo companheiro durante uma discuss\u00e3o, sendo atingida por [&hellip;]<\/p>\n","protected":false},"author":2,"featured_media":0,"comment_status":"open","ping_status":"open","sticky":false,"template":"","format":"standard","meta":{"footnotes":""},"categories":[2],"tags":[172],"class_list":["post-37585","post","type-post","status-publish","format-standard","hentry","category-policial","tag-featured"],"amp_enabled":true,"_links":{"self":[{"href":"https:\/\/radiostudiow.com.br\/site\/wp-json\/wp\/v2\/posts\/37585","targetHints":{"allow":["GET"]}}],"collection":[{"href":"https:\/\/radiostudiow.com.br\/site\/wp-json\/wp\/v2\/posts"}],"about":[{"href":"https:\/\/radiostudiow.com.br\/site\/wp-json\/wp\/v2\/types\/post"}],"author":[{"embeddable":true,"href":"https:\/\/radiostudiow.com.br\/site\/wp-json\/wp\/v2\/users\/2"}],"replies":[{"embeddable":true,"href":"https:\/\/radiostudiow.com.br\/site\/wp-json\/wp\/v2\/comments?post=37585"}],"version-history":[{"count":2,"href":"https:\/\/radiostudiow.com.br\/site\/wp-json\/wp\/v2\/posts\/37585\/revisions"}],"predecessor-version":[{"id":37588,"href":"https:\/\/radiostudiow.com.br\/site\/wp-json\/wp\/v2\/posts\/37585\/revisions\/37588"}],"wp:attachment":[{"href":"https:\/\/radiostudiow.com.br\/site\/wp-json\/wp\/v2\/media?parent=37585"}],"wp:term":[{"taxonomy":"category","embeddable":true,"href":"https:\/\/radiostudiow.com.br\/site\/wp-json\/wp\/v2\/categories?post=37585"},{"taxonomy":"post_tag","embeddable":true,"href":"https:\/\/radiostudiow.com.br\/site\/wp-json\/wp\/v2\/tags?post=37585"}],"curies":[{"name":"wp","href":"https:\/\/api.w.org\/{rel}","templated":true}]}}