{"id":37594,"date":"2025-05-03T11:10:59","date_gmt":"2025-05-03T14:10:59","guid":{"rendered":"https:\/\/radiostudiow.com.br\/site\/?p=37594"},"modified":"2025-05-03T11:10:59","modified_gmt":"2025-05-03T14:10:59","slug":"policia-militar-de-sao-mateus-do-sul-recupera-motocicleta-furtada-e-apreende-drogas-com-condutor","status":"publish","type":"post","link":"https:\/\/radiostudiow.com.br\/site\/2025\/05\/03\/policia-militar-de-sao-mateus-do-sul-recupera-motocicleta-furtada-e-apreende-drogas-com-condutor\/","title":{"rendered":"Pol\u00edcia Militar de S\u00e3o Mateus do Sul recupera motocicleta furtada e apreende drogas com condutor"},"content":{"rendered":"\n<figure class=\"wp-block-image size-full\"><img loading=\"lazy\" decoding=\"async\" width=\"598\" height=\"204\" src=\"https:\/\/radiostudiow.com.br\/site\/wp-content\/uploads\/2025\/01\/SITE-MEDIO7.png\" alt=\"\" class=\"wp-image-32801\" srcset=\"https:\/\/radiostudiow.com.br\/site\/wp-content\/uploads\/2025\/01\/SITE-MEDIO7.png 598w, https:\/\/radiostudiow.com.br\/site\/wp-content\/uploads\/2025\/01\/SITE-MEDIO7-300x102.png 300w\" sizes=\"auto, (max-width: 598px) 100vw, 598px\" \/><\/figure>\n\n\n\n<p>Durante patrulhamento da Pol\u00edcia Militar de S\u00e3o Mateus do Sul pela rodovia BR-476, por volta das 01 hora da madrugada desse s\u00e1bado (03), avistou uma motocicleta de cor preta, sem placa de identifica\u00e7\u00e3o, ocupada por dois indiv\u00edduos.<\/p>\n\n\n\n<p>O condutor ao perceber a aproxima\u00e7\u00e3o da viatura, tentou deixar o local, motivando a abordagem policial. Ap\u00f3s consulta ao n\u00famero do chassi, constatou-se que a motocicleta se tratava de uma Honda\/CG 160 Fan, com alerta de furto\/roubo.<\/p>\n\n\n\n<figure class=\"wp-block-image size-full\"><img loading=\"lazy\" decoding=\"async\" width=\"300\" height=\"180\" src=\"https:\/\/radiostudiow.com.br\/site\/wp-content\/uploads\/2025\/04\/LOU.png\" alt=\"\" class=\"wp-image-37228\"\/><\/figure>\n\n\n\n<p>O condutor foi identificado e relatou ter pegado o ve\u00edculo emprestado de um indiv\u00edduo desconhecido, n\u00e3o sabendo fornecer maiores informa\u00e7\u00f5es. Ele afirmou ainda n\u00e3o saber que o ve\u00edculo era proveniente de crime.<\/p>\n\n\n\n<p>Durante a revista pessoal, os policiais encontraram com o abordado uma por\u00e7\u00e3o de subst\u00e2ncia an\u00e1loga \u00e0 maconha. Diante dos fatos, o homem foi encaminhado \u00e0 Delegacia da Pol\u00edcia Civil para os procedimentos legais cab\u00edveis.<\/p>\n","protected":false},"excerpt":{"rendered":"<p>Durante patrulhamento da Pol\u00edcia Militar de S\u00e3o Mateus do Sul pela rodovia BR-476, por volta das 01 hora da madrugada desse s\u00e1bado (03), avistou uma motocicleta de cor preta, sem placa de identifica\u00e7\u00e3o, ocupada por dois indiv\u00edduos. O condutor ao perceber a aproxima\u00e7\u00e3o da viatura, tentou deixar o local, motivando a abordagem policial. Ap\u00f3s consulta [&hellip;]<\/p>\n","protected":false},"author":2,"featured_media":0,"comment_status":"open","ping_status":"open","sticky":false,"template":"","format":"standard","meta":{"footnotes":""},"categories":[2],"tags":[172],"class_list":["post-37594","post","type-post","status-publish","format-standard","hentry","category-policial","tag-featured"],"amp_enabled":true,"_links":{"self":[{"href":"https:\/\/radiostudiow.com.br\/site\/wp-json\/wp\/v2\/posts\/37594","targetHints":{"allow":["GET"]}}],"collection":[{"href":"https:\/\/radiostudiow.com.br\/site\/wp-json\/wp\/v2\/posts"}],"about":[{"href":"https:\/\/radiostudiow.com.br\/site\/wp-json\/wp\/v2\/types\/post"}],"author":[{"embeddable":true,"href":"https:\/\/radiostudiow.com.br\/site\/wp-json\/wp\/v2\/users\/2"}],"replies":[{"embeddable":true,"href":"https:\/\/radiostudiow.com.br\/site\/wp-json\/wp\/v2\/comments?post=37594"}],"version-history":[{"count":3,"href":"https:\/\/radiostudiow.com.br\/site\/wp-json\/wp\/v2\/posts\/37594\/revisions"}],"predecessor-version":[{"id":37605,"href":"https:\/\/radiostudiow.com.br\/site\/wp-json\/wp\/v2\/posts\/37594\/revisions\/37605"}],"wp:attachment":[{"href":"https:\/\/radiostudiow.com.br\/site\/wp-json\/wp\/v2\/media?parent=37594"}],"wp:term":[{"taxonomy":"category","embeddable":true,"href":"https:\/\/radiostudiow.com.br\/site\/wp-json\/wp\/v2\/categories?post=37594"},{"taxonomy":"post_tag","embeddable":true,"href":"https:\/\/radiostudiow.com.br\/site\/wp-json\/wp\/v2\/tags?post=37594"}],"curies":[{"name":"wp","href":"https:\/\/api.w.org\/{rel}","templated":true}]}}