{"id":37604,"date":"2025-05-03T13:38:14","date_gmt":"2025-05-03T16:38:14","guid":{"rendered":"https:\/\/radiostudiow.com.br\/site\/?p=37604"},"modified":"2025-05-03T13:38:15","modified_gmt":"2025-05-03T16:38:15","slug":"homem-e-preso-em-mallet-por-receptacao-apos-policia-militar-localizar-pecas-de-moto-furtada","status":"publish","type":"post","link":"https:\/\/radiostudiow.com.br\/site\/2025\/05\/03\/homem-e-preso-em-mallet-por-receptacao-apos-policia-militar-localizar-pecas-de-moto-furtada\/","title":{"rendered":"Homem \u00e9 preso em Mallet por recepta\u00e7\u00e3o ap\u00f3s Policia Militar localizar pe\u00e7as de \u00a0moto furtada"},"content":{"rendered":"\n<p><\/p>\n\n\n\n<figure class=\"wp-block-image size-full\"><img loading=\"lazy\" decoding=\"async\" width=\"897\" height=\"204\" src=\"https:\/\/radiostudiow.com.br\/site\/wp-content\/uploads\/2025\/03\/SITE-GRANDE5.png\" alt=\"\" class=\"wp-image-35420\" srcset=\"https:\/\/radiostudiow.com.br\/site\/wp-content\/uploads\/2025\/03\/SITE-GRANDE5.png 897w, https:\/\/radiostudiow.com.br\/site\/wp-content\/uploads\/2025\/03\/SITE-GRANDE5-300x68.png 300w, https:\/\/radiostudiow.com.br\/site\/wp-content\/uploads\/2025\/03\/SITE-GRANDE5-768x175.png 768w\" sizes=\"auto, (max-width: 897px) 100vw, 897px\" \/><\/figure>\n\n\n\n<p><\/p>\n\n\n\n<p>Durante patrulhamento de rotina na \u00e1rea central da cidade de Mallet, por volta da 1h da madrugada deste s\u00e1bado (03), a Pol\u00edcia Militar prendeu um homem por recepta\u00e7\u00e3o de ve\u00edculo furtado. A pris\u00e3o ocorreu ap\u00f3s dois indiv\u00edduos em atitude suspeita fugirem ao avistar a viatura policial.<\/p>\n\n\n\n<h2 class=\"wp-block-heading\">Segundo o boletim de ocorr\u00eancia, a dupla mudou bruscamente de dire\u00e7\u00e3o ao notar a presen\u00e7a da PM, o que levantaram suspeitas.<\/h2>\n\n\n\n<p><\/p>\n\n\n\n<p>&nbsp;Os policiais tentaram realizar a abordagem, mas os homens desobedeceram \u00e0s ordens de parada e fugiram, pulando o muro de uma resid\u00eancia e invadindo o p\u00e1tio do im\u00f3vel.<\/p>\n\n\n\n<figure class=\"wp-block-image size-full\"><img loading=\"lazy\" decoding=\"async\" width=\"897\" height=\"204\" src=\"https:\/\/radiostudiow.com.br\/site\/wp-content\/uploads\/2025\/03\/image-62.png\" alt=\"\" class=\"wp-image-35859\" srcset=\"https:\/\/radiostudiow.com.br\/site\/wp-content\/uploads\/2025\/03\/image-62.png 897w, https:\/\/radiostudiow.com.br\/site\/wp-content\/uploads\/2025\/03\/image-62-300x68.png 300w, https:\/\/radiostudiow.com.br\/site\/wp-content\/uploads\/2025\/03\/image-62-768x175.png 768w\" sizes=\"auto, (max-width: 897px) 100vw, 897px\" \/><\/figure>\n\n\n\n<p><\/p>\n\n\n\n<h2 class=\"wp-block-heading\">Durante buscas no local, os agentes localizaram, entre a vegeta\u00e7\u00e3o, partes de uma motocicleta desmontada.<\/h2>\n\n\n\n<p><\/p>\n\n\n\n<h2 class=\"wp-block-heading\">&nbsp;Ap\u00f3s consulta ao n\u00famero do chassi, foi constatado que o ve\u00edculo, uma Honda\/CG125 Fan, possu\u00eda alerta de furto.<\/h2>\n\n\n\n<p><\/p>\n\n\n\n<p>O morador da resid\u00eancia foi abordado e afirmou \u00e0 pol\u00edcia que havia <strong>comprado a moto j\u00e1 desmontada de dois indiv\u00edduos por R$ 1 mil, alegando que pretendia utilizar as pe\u00e7as para consertar outro ve\u00edculo de sua propriedade.<\/strong><\/p>\n\n\n\n<figure class=\"wp-block-image size-full\"><img loading=\"lazy\" decoding=\"async\" width=\"897\" height=\"204\" src=\"https:\/\/radiostudiow.com.br\/site\/wp-content\/uploads\/2025\/02\/SITE-GRANDE7.png\" alt=\"\" class=\"wp-image-33861\" srcset=\"https:\/\/radiostudiow.com.br\/site\/wp-content\/uploads\/2025\/02\/SITE-GRANDE7.png 897w, https:\/\/radiostudiow.com.br\/site\/wp-content\/uploads\/2025\/02\/SITE-GRANDE7-300x68.png 300w, https:\/\/radiostudiow.com.br\/site\/wp-content\/uploads\/2025\/02\/SITE-GRANDE7-768x175.png 768w\" sizes=\"auto, (max-width: 897px) 100vw, 897px\" \/><\/figure>\n\n\n\n<p><\/p>\n\n\n\n<p>Diante dos fatos, o homem foi preso em flagrante pelo crime de recepta\u00e7\u00e3o e encaminhado \u00e0 4\u00aa Subdivis\u00e3o Policial, onde permanece \u00e0 disposi\u00e7\u00e3o da Justi\u00e7a.<\/p>\n\n\n\n<p><strong>As pe\u00e7as da motocicleta foram apreendidas e ser\u00e1 devolvida ao propriet\u00e1rio ap\u00f3s os tr\u00e2mites legais.<\/strong><\/p>\n\n\n\n<h2 class=\"wp-block-heading\">Informa\u00e7\u00f5es: 27\u00ba BPM de Mallet<\/h2>\n\n\n\n<p><\/p>\n\n\n\n<figure class=\"wp-block-image size-full\"><img loading=\"lazy\" decoding=\"async\" width=\"897\" height=\"204\" src=\"https:\/\/radiostudiow.com.br\/site\/wp-content\/uploads\/2025\/03\/BARAO-NOVO-NOTICIAS-1.jpg\" alt=\"\" class=\"wp-image-35084\" srcset=\"https:\/\/radiostudiow.com.br\/site\/wp-content\/uploads\/2025\/03\/BARAO-NOVO-NOTICIAS-1.jpg 897w, https:\/\/radiostudiow.com.br\/site\/wp-content\/uploads\/2025\/03\/BARAO-NOVO-NOTICIAS-1-300x68.jpg 300w, https:\/\/radiostudiow.com.br\/site\/wp-content\/uploads\/2025\/03\/BARAO-NOVO-NOTICIAS-1-768x175.jpg 768w\" sizes=\"auto, (max-width: 897px) 100vw, 897px\" \/><\/figure>\n\n\n\n<p><\/p>\n","protected":false},"excerpt":{"rendered":"<p>Durante patrulhamento de rotina na \u00e1rea central da cidade de Mallet, por volta da 1h da madrugada deste s\u00e1bado (03), a Pol\u00edcia Militar prendeu um homem por recepta\u00e7\u00e3o de ve\u00edculo furtado. A pris\u00e3o ocorreu ap\u00f3s dois indiv\u00edduos em atitude suspeita fugirem ao avistar a viatura policial. Segundo o boletim de ocorr\u00eancia, a dupla mudou bruscamente [&hellip;]<\/p>\n","protected":false},"author":2,"featured_media":37592,"comment_status":"open","ping_status":"open","sticky":false,"template":"","format":"standard","meta":{"footnotes":""},"categories":[184],"tags":[172],"class_list":["post-37604","post","type-post","status-publish","format-standard","has-post-thumbnail","hentry","category-local","tag-featured"],"amp_enabled":true,"_links":{"self":[{"href":"https:\/\/radiostudiow.com.br\/site\/wp-json\/wp\/v2\/posts\/37604","targetHints":{"allow":["GET"]}}],"collection":[{"href":"https:\/\/radiostudiow.com.br\/site\/wp-json\/wp\/v2\/posts"}],"about":[{"href":"https:\/\/radiostudiow.com.br\/site\/wp-json\/wp\/v2\/types\/post"}],"author":[{"embeddable":true,"href":"https:\/\/radiostudiow.com.br\/site\/wp-json\/wp\/v2\/users\/2"}],"replies":[{"embeddable":true,"href":"https:\/\/radiostudiow.com.br\/site\/wp-json\/wp\/v2\/comments?post=37604"}],"version-history":[{"count":1,"href":"https:\/\/radiostudiow.com.br\/site\/wp-json\/wp\/v2\/posts\/37604\/revisions"}],"predecessor-version":[{"id":37617,"href":"https:\/\/radiostudiow.com.br\/site\/wp-json\/wp\/v2\/posts\/37604\/revisions\/37617"}],"wp:featuredmedia":[{"embeddable":true,"href":"https:\/\/radiostudiow.com.br\/site\/wp-json\/wp\/v2\/media\/37592"}],"wp:attachment":[{"href":"https:\/\/radiostudiow.com.br\/site\/wp-json\/wp\/v2\/media?parent=37604"}],"wp:term":[{"taxonomy":"category","embeddable":true,"href":"https:\/\/radiostudiow.com.br\/site\/wp-json\/wp\/v2\/categories?post=37604"},{"taxonomy":"post_tag","embeddable":true,"href":"https:\/\/radiostudiow.com.br\/site\/wp-json\/wp\/v2\/tags?post=37604"}],"curies":[{"name":"wp","href":"https:\/\/api.w.org\/{rel}","templated":true}]}}