{"id":37606,"date":"2025-05-03T11:59:51","date_gmt":"2025-05-03T14:59:51","guid":{"rendered":"https:\/\/radiostudiow.com.br\/site\/?p=37606"},"modified":"2025-05-03T12:03:42","modified_gmt":"2025-05-03T15:03:42","slug":"adolescente-agride-mae-adotiva-em-reboucas","status":"publish","type":"post","link":"https:\/\/radiostudiow.com.br\/site\/2025\/05\/03\/adolescente-agride-mae-adotiva-em-reboucas\/","title":{"rendered":"Adolescente agride sua m\u00e3e em Rebou\u00e7as"},"content":{"rendered":"\n<figure class=\"wp-block-image size-full\"><img loading=\"lazy\" decoding=\"async\" width=\"598\" height=\"204\" src=\"https:\/\/radiostudiow.com.br\/site\/wp-content\/uploads\/2025\/01\/SITE-MEDIO.png\" alt=\"\" class=\"wp-image-32810\" srcset=\"https:\/\/radiostudiow.com.br\/site\/wp-content\/uploads\/2025\/01\/SITE-MEDIO.png 598w, https:\/\/radiostudiow.com.br\/site\/wp-content\/uploads\/2025\/01\/SITE-MEDIO-300x102.png 300w\" sizes=\"auto, (max-width: 598px) 100vw, 598px\" \/><\/figure>\n\n\n\n<p>Um adolescente amea\u00e7ou e agrediu sua m\u00e3e adotiva em&nbsp;Rebou\u00e7as na tarde dessa quinta-feira, 01\u00b0 de maio. A v\u00edtima disse que o autor costuma agir de maneira agressiva dizendo que vai reunir os amigos para mat\u00e1-la.<\/p>\n\n\n\n<p>A m\u00e3e e o enteado tiveram uma discuss\u00e3o por conta de uma m\u00fasica alta. Neste momento, o rapaz atingiu um soco no rosto da v\u00edtima. A mulher afirmou que as inj\u00farias e amea\u00e7as t\u00eam sido frequentes.<\/p>\n\n\n\n<p>O Conselho Tutelar do munic\u00edpio foi informado sobre a situa\u00e7\u00e3o, mas n\u00e3o encontrou o adolescente. A situa\u00e7\u00e3o foi repassada para a Pol\u00edcia Civil.<\/p>\n\n\n\n<figure class=\"wp-block-image size-full\"><img loading=\"lazy\" decoding=\"async\" width=\"300\" height=\"180\" src=\"https:\/\/radiostudiow.com.br\/site\/wp-content\/uploads\/2025\/01\/SITE-PEQUENO.png\" alt=\"\" class=\"wp-image-32833\"\/><\/figure>\n","protected":false},"excerpt":{"rendered":"<p>Um adolescente amea\u00e7ou e agrediu sua m\u00e3e adotiva em&nbsp;Rebou\u00e7as na tarde dessa quinta-feira, 01\u00b0 de maio. A v\u00edtima disse que o autor costuma agir de maneira agressiva dizendo que vai reunir os amigos para mat\u00e1-la. A m\u00e3e e o enteado tiveram uma discuss\u00e3o por conta de uma m\u00fasica alta. Neste momento, o rapaz atingiu um [&hellip;]<\/p>\n","protected":false},"author":2,"featured_media":32852,"comment_status":"open","ping_status":"open","sticky":false,"template":"","format":"standard","meta":{"footnotes":""},"categories":[2],"tags":[172],"class_list":["post-37606","post","type-post","status-publish","format-standard","has-post-thumbnail","hentry","category-policial","tag-featured"],"amp_enabled":true,"_links":{"self":[{"href":"https:\/\/radiostudiow.com.br\/site\/wp-json\/wp\/v2\/posts\/37606","targetHints":{"allow":["GET"]}}],"collection":[{"href":"https:\/\/radiostudiow.com.br\/site\/wp-json\/wp\/v2\/posts"}],"about":[{"href":"https:\/\/radiostudiow.com.br\/site\/wp-json\/wp\/v2\/types\/post"}],"author":[{"embeddable":true,"href":"https:\/\/radiostudiow.com.br\/site\/wp-json\/wp\/v2\/users\/2"}],"replies":[{"embeddable":true,"href":"https:\/\/radiostudiow.com.br\/site\/wp-json\/wp\/v2\/comments?post=37606"}],"version-history":[{"count":3,"href":"https:\/\/radiostudiow.com.br\/site\/wp-json\/wp\/v2\/posts\/37606\/revisions"}],"predecessor-version":[{"id":37611,"href":"https:\/\/radiostudiow.com.br\/site\/wp-json\/wp\/v2\/posts\/37606\/revisions\/37611"}],"wp:featuredmedia":[{"embeddable":true,"href":"https:\/\/radiostudiow.com.br\/site\/wp-json\/wp\/v2\/media\/32852"}],"wp:attachment":[{"href":"https:\/\/radiostudiow.com.br\/site\/wp-json\/wp\/v2\/media?parent=37606"}],"wp:term":[{"taxonomy":"category","embeddable":true,"href":"https:\/\/radiostudiow.com.br\/site\/wp-json\/wp\/v2\/categories?post=37606"},{"taxonomy":"post_tag","embeddable":true,"href":"https:\/\/radiostudiow.com.br\/site\/wp-json\/wp\/v2\/tags?post=37606"}],"curies":[{"name":"wp","href":"https:\/\/api.w.org\/{rel}","templated":true}]}}