{"id":37618,"date":"2025-05-04T14:23:38","date_gmt":"2025-05-04T17:23:38","guid":{"rendered":"https:\/\/radiostudiow.com.br\/site\/?p=37618"},"modified":"2025-05-04T14:27:22","modified_gmt":"2025-05-04T17:27:22","slug":"quatro-homens-sao-esfaqueadas-durante-briga-generalizada-em-imbituva","status":"publish","type":"post","link":"https:\/\/radiostudiow.com.br\/site\/2025\/05\/04\/quatro-homens-sao-esfaqueadas-durante-briga-generalizada-em-imbituva\/","title":{"rendered":"Quatro homens s\u00e3o esfaqueadas durante briga generalizada em Imbituva"},"content":{"rendered":"\n<p><\/p>\n\n\n\n<figure class=\"wp-block-image size-full\"><img loading=\"lazy\" decoding=\"async\" width=\"897\" height=\"204\" src=\"https:\/\/radiostudiow.com.br\/site\/wp-content\/uploads\/2024\/01\/SITE-GRANDE3.png\" alt=\"zaions\" class=\"wp-image-18936\" srcset=\"https:\/\/radiostudiow.com.br\/site\/wp-content\/uploads\/2024\/01\/SITE-GRANDE3.png 897w, https:\/\/radiostudiow.com.br\/site\/wp-content\/uploads\/2024\/01\/SITE-GRANDE3-300x68.png 300w, https:\/\/radiostudiow.com.br\/site\/wp-content\/uploads\/2024\/01\/SITE-GRANDE3-768x175.png 768w\" sizes=\"auto, (max-width: 897px) 100vw, 897px\" \/><\/figure>\n\n\n\n<p><strong>Segundo os noticiantes, ao tentarem separar a referida confus\u00e3o foram atingidos por arma branca, tipo faca, de acordo com os mesmos, pelo fato de ser uma briga generalizada, n\u00e3o foi poss\u00edvel identificar os poss\u00edveis autores das agress\u00f5es.<\/strong><\/p>\n\n\n\n<p>A equipe RPA, foi acionada para prestar atendimento a uma situa\u00e7\u00e3o de ferimento por arma branca no Pronto Atendimento Municipal onde deu entrada 4 homens devidamente identificados, v\u00edtimas de ferimentos por arma branca, nesta madrugada 04\/05, por volta das 01h40 em Imbituva<\/p>\n\n\n\n<p>No local em contato com as partes envolvidas, relataram que estavam em um show no CTG, quando aconteceu uma briga generalizada.<\/p>\n\n\n\n<figure class=\"wp-block-image size-full\"><img loading=\"lazy\" decoding=\"async\" width=\"897\" height=\"204\" src=\"https:\/\/radiostudiow.com.br\/site\/wp-content\/uploads\/2025\/02\/SITE-GRANDE7.png\" alt=\"\" class=\"wp-image-33861\" srcset=\"https:\/\/radiostudiow.com.br\/site\/wp-content\/uploads\/2025\/02\/SITE-GRANDE7.png 897w, https:\/\/radiostudiow.com.br\/site\/wp-content\/uploads\/2025\/02\/SITE-GRANDE7-300x68.png 300w, https:\/\/radiostudiow.com.br\/site\/wp-content\/uploads\/2025\/02\/SITE-GRANDE7-768x175.png 768w\" sizes=\"auto, (max-width: 897px) 100vw, 897px\" \/><\/figure>\n\n\n\n<p><\/p>\n\n\n\n<p>Diante dos fatos a equipe ap\u00f3s relatos deslocou at\u00e9 o local para realizar patrulhamento, por\u00e9m j\u00e1 n\u00e3o havia mais pessoas nas proximidades.<\/p>\n\n\n\n<p>Confeccionado boletim de ocorr\u00eancia para os devidos fins.<\/p>\n\n\n\n<p>Informa\u00e7\u00f5es 8\u00b0CIPM \/ Rep\u00f3rter Kiko de Oliveira<br>Imagem Ilustrativa<\/p>\n","protected":false},"excerpt":{"rendered":"<p>Segundo os noticiantes, ao tentarem separar a referida confus\u00e3o foram atingidos por arma branca, tipo faca, de acordo com os mesmos, pelo fato de ser uma briga generalizada, n\u00e3o foi poss\u00edvel identificar os poss\u00edveis autores das agress\u00f5es. A equipe RPA, foi acionada para prestar atendimento a uma situa\u00e7\u00e3o de ferimento por arma branca no Pronto [&hellip;]<\/p>\n","protected":false},"author":2,"featured_media":37619,"comment_status":"open","ping_status":"open","sticky":false,"template":"","format":"standard","meta":{"footnotes":""},"categories":[7],"tags":[172],"class_list":["post-37618","post","type-post","status-publish","format-standard","has-post-thumbnail","hentry","category-geral","tag-featured"],"amp_enabled":true,"_links":{"self":[{"href":"https:\/\/radiostudiow.com.br\/site\/wp-json\/wp\/v2\/posts\/37618","targetHints":{"allow":["GET"]}}],"collection":[{"href":"https:\/\/radiostudiow.com.br\/site\/wp-json\/wp\/v2\/posts"}],"about":[{"href":"https:\/\/radiostudiow.com.br\/site\/wp-json\/wp\/v2\/types\/post"}],"author":[{"embeddable":true,"href":"https:\/\/radiostudiow.com.br\/site\/wp-json\/wp\/v2\/users\/2"}],"replies":[{"embeddable":true,"href":"https:\/\/radiostudiow.com.br\/site\/wp-json\/wp\/v2\/comments?post=37618"}],"version-history":[{"count":2,"href":"https:\/\/radiostudiow.com.br\/site\/wp-json\/wp\/v2\/posts\/37618\/revisions"}],"predecessor-version":[{"id":37622,"href":"https:\/\/radiostudiow.com.br\/site\/wp-json\/wp\/v2\/posts\/37618\/revisions\/37622"}],"wp:featuredmedia":[{"embeddable":true,"href":"https:\/\/radiostudiow.com.br\/site\/wp-json\/wp\/v2\/media\/37619"}],"wp:attachment":[{"href":"https:\/\/radiostudiow.com.br\/site\/wp-json\/wp\/v2\/media?parent=37618"}],"wp:term":[{"taxonomy":"category","embeddable":true,"href":"https:\/\/radiostudiow.com.br\/site\/wp-json\/wp\/v2\/categories?post=37618"},{"taxonomy":"post_tag","embeddable":true,"href":"https:\/\/radiostudiow.com.br\/site\/wp-json\/wp\/v2\/tags?post=37618"}],"curies":[{"name":"wp","href":"https:\/\/api.w.org\/{rel}","templated":true}]}}