{"id":37623,"date":"2025-05-04T14:34:24","date_gmt":"2025-05-04T17:34:24","guid":{"rendered":"https:\/\/radiostudiow.com.br\/site\/?p=37623"},"modified":"2025-05-04T17:20:34","modified_gmt":"2025-05-04T20:20:34","slug":"omem-fica-ferido-em-acidente-envolvendo-veiculo-em-reboucas","status":"publish","type":"post","link":"https:\/\/radiostudiow.com.br\/site\/2025\/05\/04\/omem-fica-ferido-em-acidente-envolvendo-veiculo-em-reboucas\/","title":{"rendered":"Homem fica ferido em acidente envolvendo ve\u00edculo em Rebou\u00e7as"},"content":{"rendered":"\n<figure class=\"wp-block-image size-full\"><img loading=\"lazy\" decoding=\"async\" width=\"897\" height=\"204\" src=\"https:\/\/radiostudiow.com.br\/site\/wp-content\/uploads\/2025\/03\/image-62.png\" alt=\"\" class=\"wp-image-35859\" srcset=\"https:\/\/radiostudiow.com.br\/site\/wp-content\/uploads\/2025\/03\/image-62.png 897w, https:\/\/radiostudiow.com.br\/site\/wp-content\/uploads\/2025\/03\/image-62-300x68.png 300w, https:\/\/radiostudiow.com.br\/site\/wp-content\/uploads\/2025\/03\/image-62-768x175.png 768w\" sizes=\"auto, (max-width: 897px) 100vw, 897px\" \/><\/figure>\n\n\n\n<p><\/p>\n\n\n\n<p><strong>Condutor do ve\u00edculo de 47 anos, teve ferimentos leves, foi encaminhado para atendimento hospitalar em Rebou\u00e7as.<\/strong><\/p>\n\n\n\n<p>Uma sa\u00edda de pista envolvendo um autom\u00f3vel  Volkswagen\/Saveiro 1.6 de cor cinza que acabou colidindo contra uma \u00e1rvore na tarde deste s\u00e1bado dia 03 de maio , por volta das 16h00, na BR-153 km 350, no trevo do meio da cidade de Rebou\u00e7as. O atendimento foi realizado pela Brigada Comunit\u00e1ria de Rebou\u00e7as<\/p>\n\n\n\n<figure class=\"wp-block-image size-large\"><img loading=\"lazy\" decoding=\"async\" width=\"768\" height=\"1024\" src=\"https:\/\/radiostudiow.com.br\/site\/wp-content\/uploads\/2025\/05\/fbc5fe6f-8a5a-48a2-b861-fae3ae3729a1-768x1024.jpg\" alt=\"\" class=\"wp-image-37624\" srcset=\"https:\/\/radiostudiow.com.br\/site\/wp-content\/uploads\/2025\/05\/fbc5fe6f-8a5a-48a2-b861-fae3ae3729a1-768x1024.jpg 768w, https:\/\/radiostudiow.com.br\/site\/wp-content\/uploads\/2025\/05\/fbc5fe6f-8a5a-48a2-b861-fae3ae3729a1-225x300.jpg 225w, https:\/\/radiostudiow.com.br\/site\/wp-content\/uploads\/2025\/05\/fbc5fe6f-8a5a-48a2-b861-fae3ae3729a1.jpg 1080w\" sizes=\"auto, (max-width: 768px) 100vw, 768px\" \/><\/figure>\n\n\n\n<p><\/p>\n\n\n\n<figure class=\"wp-block-image size-full\"><img loading=\"lazy\" decoding=\"async\" width=\"897\" height=\"204\" src=\"https:\/\/radiostudiow.com.br\/site\/wp-content\/uploads\/2025\/03\/SITE-GRANDE5.png\" alt=\"\" class=\"wp-image-35420\" srcset=\"https:\/\/radiostudiow.com.br\/site\/wp-content\/uploads\/2025\/03\/SITE-GRANDE5.png 897w, https:\/\/radiostudiow.com.br\/site\/wp-content\/uploads\/2025\/03\/SITE-GRANDE5-300x68.png 300w, https:\/\/radiostudiow.com.br\/site\/wp-content\/uploads\/2025\/03\/SITE-GRANDE5-768x175.png 768w\" sizes=\"auto, (max-width: 897px) 100vw, 897px\" \/><\/figure>\n\n\n\n<p><\/p>\n\n\n\n<h2 class=\"wp-block-heading\">Informa\u00e7\u00f5es e Imagens Brigada Comunit\u00e1ria de Rebou\u00e7as<br>Colabora\u00e7\u00e3o Rep\u00f3rter Kiko de Oliveira<\/h2>\n\n\n\n<p><\/p>\n","protected":false},"excerpt":{"rendered":"<p>Condutor do ve\u00edculo de 47 anos, teve ferimentos leves, foi encaminhado para atendimento hospitalar em Rebou\u00e7as. Uma sa\u00edda de pista envolvendo um autom\u00f3vel Volkswagen\/Saveiro 1.6 de cor cinza que acabou colidindo contra uma \u00e1rvore na tarde deste s\u00e1bado dia 03 de maio , por volta das 16h00, na BR-153 km 350, no trevo do meio [&hellip;]<\/p>\n","protected":false},"author":2,"featured_media":37625,"comment_status":"open","ping_status":"open","sticky":false,"template":"","format":"standard","meta":{"footnotes":""},"categories":[185],"tags":[172],"class_list":["post-37623","post","type-post","status-publish","format-standard","has-post-thumbnail","hentry","category-regional","tag-featured"],"amp_enabled":true,"_links":{"self":[{"href":"https:\/\/radiostudiow.com.br\/site\/wp-json\/wp\/v2\/posts\/37623","targetHints":{"allow":["GET"]}}],"collection":[{"href":"https:\/\/radiostudiow.com.br\/site\/wp-json\/wp\/v2\/posts"}],"about":[{"href":"https:\/\/radiostudiow.com.br\/site\/wp-json\/wp\/v2\/types\/post"}],"author":[{"embeddable":true,"href":"https:\/\/radiostudiow.com.br\/site\/wp-json\/wp\/v2\/users\/2"}],"replies":[{"embeddable":true,"href":"https:\/\/radiostudiow.com.br\/site\/wp-json\/wp\/v2\/comments?post=37623"}],"version-history":[{"count":3,"href":"https:\/\/radiostudiow.com.br\/site\/wp-json\/wp\/v2\/posts\/37623\/revisions"}],"predecessor-version":[{"id":37638,"href":"https:\/\/radiostudiow.com.br\/site\/wp-json\/wp\/v2\/posts\/37623\/revisions\/37638"}],"wp:featuredmedia":[{"embeddable":true,"href":"https:\/\/radiostudiow.com.br\/site\/wp-json\/wp\/v2\/media\/37625"}],"wp:attachment":[{"href":"https:\/\/radiostudiow.com.br\/site\/wp-json\/wp\/v2\/media?parent=37623"}],"wp:term":[{"taxonomy":"category","embeddable":true,"href":"https:\/\/radiostudiow.com.br\/site\/wp-json\/wp\/v2\/categories?post=37623"},{"taxonomy":"post_tag","embeddable":true,"href":"https:\/\/radiostudiow.com.br\/site\/wp-json\/wp\/v2\/tags?post=37623"}],"curies":[{"name":"wp","href":"https:\/\/api.w.org\/{rel}","templated":true}]}}