{"id":37628,"date":"2025-05-04T14:41:39","date_gmt":"2025-05-04T17:41:39","guid":{"rendered":"https:\/\/radiostudiow.com.br\/site\/?p=37628"},"modified":"2025-05-04T14:47:56","modified_gmt":"2025-05-04T17:47:56","slug":"acidente-na-br-373-em-prudentopolis-resulta-em-morte-de-motociclista","status":"publish","type":"post","link":"https:\/\/radiostudiow.com.br\/site\/2025\/05\/04\/acidente-na-br-373-em-prudentopolis-resulta-em-morte-de-motociclista\/","title":{"rendered":"Acidente na BR-373 em Prudent\u00f3polis resulta em morte de motociclista"},"content":{"rendered":"\n<figure class=\"wp-block-image size-full\"><img loading=\"lazy\" decoding=\"async\" width=\"897\" height=\"204\" src=\"https:\/\/radiostudiow.com.br\/site\/wp-content\/uploads\/2025\/03\/BARAO-NOVO-NOTICIAS-1.jpg\" alt=\"\" class=\"wp-image-35084\" srcset=\"https:\/\/radiostudiow.com.br\/site\/wp-content\/uploads\/2025\/03\/BARAO-NOVO-NOTICIAS-1.jpg 897w, https:\/\/radiostudiow.com.br\/site\/wp-content\/uploads\/2025\/03\/BARAO-NOVO-NOTICIAS-1-300x68.jpg 300w, https:\/\/radiostudiow.com.br\/site\/wp-content\/uploads\/2025\/03\/BARAO-NOVO-NOTICIAS-1-768x175.jpg 768w\" sizes=\"auto, (max-width: 897px) 100vw, 897px\" \/><\/figure>\n\n\n\n<p><\/p>\n\n\n\n<p><strong>Um grave acidente registrado no in\u00edcio da noite deste s\u00e1bado (03), por volta das 18h, no Km 280 da BR-373, em Prudent\u00f3polis, na regi\u00e3o central do Paran\u00e1, terminou com uma v\u00edtima fatal. A colis\u00e3o traseira envolveu um carro e uma motocicleta.<\/strong><\/p>\n\n\n\n<p>Segundo informa\u00e7\u00f5es da Pol\u00edcia Rodovi\u00e1ria Federal (PRF), os ve\u00edculos envolvidos foram um Fiat Palio branco, com placas de Guarapuava (PR), e uma motocicleta Honda Hornet amarela, emplacada em Prudent\u00f3polis (PR).<\/p>\n\n\n\n<p>O motociclista, um homem de 33 anos, n\u00e3o resistiu aos ferimentos e morreu no local. J\u00e1 o condutor do Palio, um homem de 51 anos, sofreu apenas les\u00f5es leves. Ele foi submetido ao teste do baf\u00f4metro, que teve resultado negativo para ingest\u00e3o de \u00e1lcool.<\/p>\n\n\n\n<p>As causas do acidente ainda est\u00e3o sendo apuradas pelas autoridades competentes. O trecho onde ocorreu a colis\u00e3o \u00e9 conhecido por ser movimentado, especialmente nos fins de semana.<\/p>\n\n\n\n<p>A identidade da v\u00edtima fatal n\u00e3o foi divulgada at\u00e9 o momento.<\/p>\n\n\n\n<figure class=\"wp-block-image size-full\"><img loading=\"lazy\" decoding=\"async\" width=\"897\" height=\"204\" src=\"https:\/\/radiostudiow.com.br\/site\/wp-content\/uploads\/2025\/02\/SITE-GRANDE7.png\" alt=\"\" class=\"wp-image-33861\" srcset=\"https:\/\/radiostudiow.com.br\/site\/wp-content\/uploads\/2025\/02\/SITE-GRANDE7.png 897w, https:\/\/radiostudiow.com.br\/site\/wp-content\/uploads\/2025\/02\/SITE-GRANDE7-300x68.png 300w, https:\/\/radiostudiow.com.br\/site\/wp-content\/uploads\/2025\/02\/SITE-GRANDE7-768x175.png 768w\" sizes=\"auto, (max-width: 897px) 100vw, 897px\" \/><\/figure>\n\n\n\n<p><\/p>\n\n\n\n<p><\/p>\n\n\n\n<h2 class=\"wp-block-heading\">Imagem Rede Social<br>Informa\u00e7\u00f5es PRF \/ Rep\u00f3rter Kiko de Oliveira<\/h2>\n\n\n\n<p><\/p>\n","protected":false},"excerpt":{"rendered":"<p>Um grave acidente registrado no in\u00edcio da noite deste s\u00e1bado (03), por volta das 18h, no Km 280 da BR-373, em Prudent\u00f3polis, na regi\u00e3o central do Paran\u00e1, terminou com uma v\u00edtima fatal. A colis\u00e3o traseira envolveu um carro e uma motocicleta. Segundo informa\u00e7\u00f5es da Pol\u00edcia Rodovi\u00e1ria Federal (PRF), os ve\u00edculos envolvidos foram um Fiat Palio [&hellip;]<\/p>\n","protected":false},"author":2,"featured_media":37629,"comment_status":"open","ping_status":"open","sticky":false,"template":"","format":"standard","meta":{"footnotes":""},"categories":[185],"tags":[172],"class_list":["post-37628","post","type-post","status-publish","format-standard","has-post-thumbnail","hentry","category-regional","tag-featured"],"amp_enabled":true,"_links":{"self":[{"href":"https:\/\/radiostudiow.com.br\/site\/wp-json\/wp\/v2\/posts\/37628","targetHints":{"allow":["GET"]}}],"collection":[{"href":"https:\/\/radiostudiow.com.br\/site\/wp-json\/wp\/v2\/posts"}],"about":[{"href":"https:\/\/radiostudiow.com.br\/site\/wp-json\/wp\/v2\/types\/post"}],"author":[{"embeddable":true,"href":"https:\/\/radiostudiow.com.br\/site\/wp-json\/wp\/v2\/users\/2"}],"replies":[{"embeddable":true,"href":"https:\/\/radiostudiow.com.br\/site\/wp-json\/wp\/v2\/comments?post=37628"}],"version-history":[{"count":2,"href":"https:\/\/radiostudiow.com.br\/site\/wp-json\/wp\/v2\/posts\/37628\/revisions"}],"predecessor-version":[{"id":37632,"href":"https:\/\/radiostudiow.com.br\/site\/wp-json\/wp\/v2\/posts\/37628\/revisions\/37632"}],"wp:featuredmedia":[{"embeddable":true,"href":"https:\/\/radiostudiow.com.br\/site\/wp-json\/wp\/v2\/media\/37629"}],"wp:attachment":[{"href":"https:\/\/radiostudiow.com.br\/site\/wp-json\/wp\/v2\/media?parent=37628"}],"wp:term":[{"taxonomy":"category","embeddable":true,"href":"https:\/\/radiostudiow.com.br\/site\/wp-json\/wp\/v2\/categories?post=37628"},{"taxonomy":"post_tag","embeddable":true,"href":"https:\/\/radiostudiow.com.br\/site\/wp-json\/wp\/v2\/tags?post=37628"}],"curies":[{"name":"wp","href":"https:\/\/api.w.org\/{rel}","templated":true}]}}