{"id":37637,"date":"2025-05-04T17:51:38","date_gmt":"2025-05-04T20:51:38","guid":{"rendered":"https:\/\/radiostudiow.com.br\/site\/?p=37637"},"modified":"2025-05-04T17:57:33","modified_gmt":"2025-05-04T20:57:33","slug":"policia-militar-de-mallet-prende-assaltantes-em-menos-de-10-minutos-apos-tentativa-de-roubo-violento","status":"publish","type":"post","link":"https:\/\/radiostudiow.com.br\/site\/2025\/05\/04\/policia-militar-de-mallet-prende-assaltantes-em-menos-de-10-minutos-apos-tentativa-de-roubo-violento\/","title":{"rendered":"Pol\u00edcia Militar de Mallet Prende Assaltantes em Menos de 10 Minutos Ap\u00f3s Tentativa de Roubo Violento"},"content":{"rendered":"\n<p><\/p>\n\n\n\n<figure class=\"wp-block-image size-full\"><img loading=\"lazy\" decoding=\"async\" width=\"897\" height=\"204\" src=\"https:\/\/radiostudiow.com.br\/site\/wp-content\/uploads\/2025\/03\/SITE-GRANDE5.png\" alt=\"\" class=\"wp-image-35420\" srcset=\"https:\/\/radiostudiow.com.br\/site\/wp-content\/uploads\/2025\/03\/SITE-GRANDE5.png 897w, https:\/\/radiostudiow.com.br\/site\/wp-content\/uploads\/2025\/03\/SITE-GRANDE5-300x68.png 300w, https:\/\/radiostudiow.com.br\/site\/wp-content\/uploads\/2025\/03\/SITE-GRANDE5-768x175.png 768w\" sizes=\"auto, (max-width: 897px) 100vw, 897px\" \/><\/figure>\n\n\n\n<p><\/p>\n\n\n\n<h2 class=\"wp-block-heading\"><strong>O fato ocorreu pr\u00f3ximo ao Centro de Eventos de Mallet, quando a v\u00edtima teria ido at\u00e9 a sua caminhonete buscar uma blusa para a sua filha que estava na festa.<\/strong><\/h2>\n\n\n\n<p><\/p>\n\n\n\n<p>Enquanto realizava patrulhamento de rotina pela Rua Jo\u00e3o Zaions, a equipe foi abordada por um homem em estado de choque, relatando ter acabado de ser v\u00edtima de uma tentativa de assalto.<\/p>\n\n\n\n<p><strong>A v\u00edtima contou que havia se dirigido at\u00e9 sua caminhonete Ford Ranger para buscar uma blusa para sua filha, quando foi surpreendida por dois indiv\u00edduos que anunciaram o assalto com amea\u00e7as de morte.<\/strong><\/p>\n\n\n\n<p>Um dos criminosos empurrou a v\u00edtima, que caiu ao solo, enquanto o outro tentou ligar o ve\u00edculo. Sem conseguir dar partida por n\u00e3o ter acesso \u00e0 chave, os agressores partiram para a viol\u00eancia: atingiram a v\u00edtima no rosto com um copo arremessado, causando um corte profundo no nariz e intenso sangramento. Durante a a\u00e7\u00e3o, exigiram que ele entregasse o carro, amea\u00e7ando mat\u00e1-lo.<\/p>\n\n\n\n<h2 class=\"wp-block-heading\">A tentativa de roubo s\u00f3 foi frustrada gra\u00e7as \u00e0 aproxima\u00e7\u00e3o de transeuntes, o que for\u00e7ou os assaltantes a fugirem para uma \u00e1rea de mata nas imedia\u00e7\u00f5es.<\/h2>\n\n\n\n<p><\/p>\n\n\n\n<figure class=\"wp-block-image size-full\"><img loading=\"lazy\" decoding=\"async\" width=\"897\" height=\"204\" src=\"https:\/\/radiostudiow.com.br\/site\/wp-content\/uploads\/2025\/02\/SITE-GRANDE7.png\" alt=\"\" class=\"wp-image-33861\" srcset=\"https:\/\/radiostudiow.com.br\/site\/wp-content\/uploads\/2025\/02\/SITE-GRANDE7.png 897w, https:\/\/radiostudiow.com.br\/site\/wp-content\/uploads\/2025\/02\/SITE-GRANDE7-300x68.png 300w, https:\/\/radiostudiow.com.br\/site\/wp-content\/uploads\/2025\/02\/SITE-GRANDE7-768x175.png 768w\" sizes=\"auto, (max-width: 897px) 100vw, 897px\" \/><\/figure>\n\n\n\n<p><\/p>\n\n\n\n<h2 class=\"wp-block-heading\">Em uma resposta imediata, a equipe da Pol\u00edcia Militar iniciou dilig\u00eancias na regi\u00e3o e, em apenas 10 minutos, localizou os suspeitos ainda pr\u00f3ximos ao local do crime. Um dos detidos apresentava manchas de sangue na bermuda, compat\u00edveis com os ferimentos da v\u00edtima \u2014 e sem qualquer les\u00e3o pr\u00f3pria, o que refor\u00e7ou os ind\u00edcios de participa\u00e7\u00e3o direta na agress\u00e3o.<\/h2>\n\n\n\n<p><\/p>\n\n\n\n<figure class=\"wp-block-image size-full\"><img loading=\"lazy\" decoding=\"async\" width=\"1920\" height=\"2560\" src=\"https:\/\/radiostudiow.com.br\/site\/wp-content\/uploads\/2025\/05\/fa1400da-e85d-432c-b966-32476c39eeff-scaled.jpg\" alt=\"\" class=\"wp-image-37642\" srcset=\"https:\/\/radiostudiow.com.br\/site\/wp-content\/uploads\/2025\/05\/fa1400da-e85d-432c-b966-32476c39eeff-scaled.jpg 1920w, https:\/\/radiostudiow.com.br\/site\/wp-content\/uploads\/2025\/05\/fa1400da-e85d-432c-b966-32476c39eeff-225x300.jpg 225w, https:\/\/radiostudiow.com.br\/site\/wp-content\/uploads\/2025\/05\/fa1400da-e85d-432c-b966-32476c39eeff-768x1024.jpg 768w, https:\/\/radiostudiow.com.br\/site\/wp-content\/uploads\/2025\/05\/fa1400da-e85d-432c-b966-32476c39eeff-1152x1536.jpg 1152w, https:\/\/radiostudiow.com.br\/site\/wp-content\/uploads\/2025\/05\/fa1400da-e85d-432c-b966-32476c39eeff-1536x2048.jpg 1536w\" sizes=\"auto, (max-width: 1920px) 100vw, 1920px\" \/><\/figure>\n\n\n\n<h2 class=\"wp-block-heading\">Efetivo da PM durante evento no <\/h2>\n\n\n\n<h2 class=\"wp-block-heading\">Centro de Eventos de Mallet<\/h2>\n\n\n\n<p><\/p>\n\n\n\n<p><strong>A reportagem da Studio W buscou informa\u00e7\u00f5es com os Policiais do 3\u00ba Pelot\u00e3o Cabo Abr\u00e3o Kanclarovicz, os quais destacaram que a<\/strong> <strong>v\u00edtima reconheceu formalmente os autores, e um dos envolvidos j\u00e1 possu\u00eda antecedentes criminais por crimes contra o patrim\u00f4nio, inclusive pelo furto de uma caminhonete com caracter\u00edsticas semelhantes \u00e0 que tentaram roubar neste epis\u00f3dio.<\/strong><\/p>\n\n\n\n<figure class=\"wp-block-image size-full\"><img loading=\"lazy\" decoding=\"async\" width=\"897\" height=\"204\" src=\"https:\/\/radiostudiow.com.br\/site\/wp-content\/uploads\/2025\/03\/image-62.png\" alt=\"\" class=\"wp-image-35859\" srcset=\"https:\/\/radiostudiow.com.br\/site\/wp-content\/uploads\/2025\/03\/image-62.png 897w, https:\/\/radiostudiow.com.br\/site\/wp-content\/uploads\/2025\/03\/image-62-300x68.png 300w, https:\/\/radiostudiow.com.br\/site\/wp-content\/uploads\/2025\/03\/image-62-768x175.png 768w\" sizes=\"auto, (max-width: 897px) 100vw, 897px\" \/><\/figure>\n\n\n\n<p><\/p>\n\n\n\n<p>Com base nos fatos e na pronta a\u00e7\u00e3o dos policiais, foi configurado flagrante delito por tentativa de roubo qualificado, conforme o Artigo 302, incisos I e III, do C\u00f3digo de Processo Penal. Os criminosos foram encaminhados \u00e0 4\u00aa Subdivis\u00e3o Policial de Uni\u00e3o da Vit\u00f3ria, onde foram informados de seus direitos constitucionais.<\/p>\n\n\n\n<figure class=\"wp-block-image size-full\"><img loading=\"lazy\" decoding=\"async\" width=\"897\" height=\"204\" src=\"https:\/\/radiostudiow.com.br\/site\/wp-content\/uploads\/2025\/03\/BARAO-NOVO-NOTICIAS-1.jpg\" alt=\"\" class=\"wp-image-35084\" srcset=\"https:\/\/radiostudiow.com.br\/site\/wp-content\/uploads\/2025\/03\/BARAO-NOVO-NOTICIAS-1.jpg 897w, https:\/\/radiostudiow.com.br\/site\/wp-content\/uploads\/2025\/03\/BARAO-NOVO-NOTICIAS-1-300x68.jpg 300w, https:\/\/radiostudiow.com.br\/site\/wp-content\/uploads\/2025\/03\/BARAO-NOVO-NOTICIAS-1-768x175.jpg 768w\" sizes=\"auto, (max-width: 897px) 100vw, 897px\" \/><\/figure>\n\n\n\n<p><\/p>\n\n\n\n<h2 class=\"wp-block-heading\">A r\u00e1pida resposta da Pol\u00edcia Militar de Mallet, com apoio do 27\u00ba BPM, mais uma vez mostrou o compromisso da corpora\u00e7\u00e3o com a seguran\u00e7a da comunidade.<\/h2>\n\n\n\n<p><\/p>\n\n\n\n<h2 class=\"wp-block-heading\"><strong>Parab\u00e9ns \u00e0 Policia Militar de Mallet!<\/strong><br>A popula\u00e7\u00e3o agradece por mais essa a\u00e7\u00e3o eficaz contra o crime.<\/h2>\n\n\n\n<p><\/p>\n\n\n\n<p><strong>REPORTAGEM: STUDIO W<\/strong><\/p>\n\n\n\n<p><strong>INFORMA\u00c7\u00d5ES: 27\u00ba BPM<\/strong><\/p>\n\n\n\n<p><\/p>\n","protected":false},"excerpt":{"rendered":"<p>O fato ocorreu pr\u00f3ximo ao Centro de Eventos de Mallet, quando a v\u00edtima teria ido at\u00e9 a sua caminhonete buscar uma blusa para a sua filha que estava na festa. Enquanto realizava patrulhamento de rotina pela Rua Jo\u00e3o Zaions, a equipe foi abordada por um homem em estado de choque, relatando ter acabado de ser [&hellip;]<\/p>\n","protected":false},"author":2,"featured_media":37643,"comment_status":"open","ping_status":"open","sticky":false,"template":"","format":"standard","meta":{"footnotes":""},"categories":[184],"tags":[172],"class_list":["post-37637","post","type-post","status-publish","format-standard","has-post-thumbnail","hentry","category-local","tag-featured"],"amp_enabled":true,"_links":{"self":[{"href":"https:\/\/radiostudiow.com.br\/site\/wp-json\/wp\/v2\/posts\/37637","targetHints":{"allow":["GET"]}}],"collection":[{"href":"https:\/\/radiostudiow.com.br\/site\/wp-json\/wp\/v2\/posts"}],"about":[{"href":"https:\/\/radiostudiow.com.br\/site\/wp-json\/wp\/v2\/types\/post"}],"author":[{"embeddable":true,"href":"https:\/\/radiostudiow.com.br\/site\/wp-json\/wp\/v2\/users\/2"}],"replies":[{"embeddable":true,"href":"https:\/\/radiostudiow.com.br\/site\/wp-json\/wp\/v2\/comments?post=37637"}],"version-history":[{"count":3,"href":"https:\/\/radiostudiow.com.br\/site\/wp-json\/wp\/v2\/posts\/37637\/revisions"}],"predecessor-version":[{"id":37647,"href":"https:\/\/radiostudiow.com.br\/site\/wp-json\/wp\/v2\/posts\/37637\/revisions\/37647"}],"wp:featuredmedia":[{"embeddable":true,"href":"https:\/\/radiostudiow.com.br\/site\/wp-json\/wp\/v2\/media\/37643"}],"wp:attachment":[{"href":"https:\/\/radiostudiow.com.br\/site\/wp-json\/wp\/v2\/media?parent=37637"}],"wp:term":[{"taxonomy":"category","embeddable":true,"href":"https:\/\/radiostudiow.com.br\/site\/wp-json\/wp\/v2\/categories?post=37637"},{"taxonomy":"post_tag","embeddable":true,"href":"https:\/\/radiostudiow.com.br\/site\/wp-json\/wp\/v2\/tags?post=37637"}],"curies":[{"name":"wp","href":"https:\/\/api.w.org\/{rel}","templated":true}]}}