{"id":37651,"date":"2025-05-05T10:39:15","date_gmt":"2025-05-05T13:39:15","guid":{"rendered":"https:\/\/radiostudiow.com.br\/site\/?p=37651"},"modified":"2025-05-05T10:39:15","modified_gmt":"2025-05-05T13:39:15","slug":"implemento-agricola-cai-de-carreta-na-br-476-em-paulo-frontin","status":"publish","type":"post","link":"https:\/\/radiostudiow.com.br\/site\/2025\/05\/05\/implemento-agricola-cai-de-carreta-na-br-476-em-paulo-frontin\/","title":{"rendered":"Implemento agr\u00edcola cai de carreta na BR-476 em Paulo Frontin"},"content":{"rendered":"\n<figure class=\"wp-block-image size-full\"><img loading=\"lazy\" decoding=\"async\" width=\"897\" height=\"204\" src=\"https:\/\/radiostudiow.com.br\/site\/wp-content\/uploads\/2025\/03\/image-62.png\" alt=\"\" class=\"wp-image-35859\" srcset=\"https:\/\/radiostudiow.com.br\/site\/wp-content\/uploads\/2025\/03\/image-62.png 897w, https:\/\/radiostudiow.com.br\/site\/wp-content\/uploads\/2025\/03\/image-62-300x68.png 300w, https:\/\/radiostudiow.com.br\/site\/wp-content\/uploads\/2025\/03\/image-62-768x175.png 768w\" sizes=\"auto, (max-width: 897px) 100vw, 897px\" \/><\/figure>\n\n\n\n<p>Um acidente envolvendo uma carga indivis\u00edvel foi registrado no km 314 da BR-476, no munic\u00edpio de Paulo Frontin na noite deste domingo (04).<\/p>\n\n\n\n<p>Um implemento agr\u00edcola do tipo plantadeira caiu de cima de uma carreta, em um trecho com pouca sinaliza\u00e7\u00e3o, nas proximidades da curva do Limoeiro.<\/p>\n\n\n\n<p>Equipes de atendimento foram acionadas, e n\u00e3o houve registro de feridos.<\/p>\n\n\n\n<p><strong><em>Fonte: V.Vale\/SSL &#8211; Grupo BR-476 Rodovia do Xisto<\/em><\/strong><\/p>\n","protected":false},"excerpt":{"rendered":"<p>Um acidente envolvendo uma carga indivis\u00edvel foi registrado no km 314 da BR-476, no munic\u00edpio de Paulo Frontin na noite deste domingo (04). Um implemento agr\u00edcola do tipo plantadeira caiu de cima de uma carreta, em um trecho com pouca sinaliza\u00e7\u00e3o, nas proximidades da curva do Limoeiro. Equipes de atendimento foram acionadas, e n\u00e3o houve [&hellip;]<\/p>\n","protected":false},"author":2,"featured_media":37652,"comment_status":"open","ping_status":"open","sticky":false,"template":"","format":"standard","meta":{"footnotes":""},"categories":[7],"tags":[],"class_list":["post-37651","post","type-post","status-publish","format-standard","has-post-thumbnail","hentry","category-geral"],"amp_enabled":true,"_links":{"self":[{"href":"https:\/\/radiostudiow.com.br\/site\/wp-json\/wp\/v2\/posts\/37651","targetHints":{"allow":["GET"]}}],"collection":[{"href":"https:\/\/radiostudiow.com.br\/site\/wp-json\/wp\/v2\/posts"}],"about":[{"href":"https:\/\/radiostudiow.com.br\/site\/wp-json\/wp\/v2\/types\/post"}],"author":[{"embeddable":true,"href":"https:\/\/radiostudiow.com.br\/site\/wp-json\/wp\/v2\/users\/2"}],"replies":[{"embeddable":true,"href":"https:\/\/radiostudiow.com.br\/site\/wp-json\/wp\/v2\/comments?post=37651"}],"version-history":[{"count":2,"href":"https:\/\/radiostudiow.com.br\/site\/wp-json\/wp\/v2\/posts\/37651\/revisions"}],"predecessor-version":[{"id":37687,"href":"https:\/\/radiostudiow.com.br\/site\/wp-json\/wp\/v2\/posts\/37651\/revisions\/37687"}],"wp:featuredmedia":[{"embeddable":true,"href":"https:\/\/radiostudiow.com.br\/site\/wp-json\/wp\/v2\/media\/37652"}],"wp:attachment":[{"href":"https:\/\/radiostudiow.com.br\/site\/wp-json\/wp\/v2\/media?parent=37651"}],"wp:term":[{"taxonomy":"category","embeddable":true,"href":"https:\/\/radiostudiow.com.br\/site\/wp-json\/wp\/v2\/categories?post=37651"},{"taxonomy":"post_tag","embeddable":true,"href":"https:\/\/radiostudiow.com.br\/site\/wp-json\/wp\/v2\/tags?post=37651"}],"curies":[{"name":"wp","href":"https:\/\/api.w.org\/{rel}","templated":true}]}}