{"id":37662,"date":"2025-05-05T10:20:00","date_gmt":"2025-05-05T13:20:00","guid":{"rendered":"https:\/\/radiostudiow.com.br\/site\/?p=37662"},"modified":"2025-05-05T10:20:01","modified_gmt":"2025-05-05T13:20:01","slug":"jogador-do-america-mg-e-preso-em-flagrante-por-injuria-racial-proferida-durante-partida-do-campeonato-brasileiro-serie-b","status":"publish","type":"post","link":"https:\/\/radiostudiow.com.br\/site\/2025\/05\/05\/jogador-do-america-mg-e-preso-em-flagrante-por-injuria-racial-proferida-durante-partida-do-campeonato-brasileiro-serie-b\/","title":{"rendered":"JOGADOR DO AM\u00c9RICA-MG \u00c9 PRESO EM FLAGRANTE POR INJ\u00daRIA RACIAL PROFERIDA DURANTE PARTIDA DO CAMPEONATO BRASILEIRO S\u00c9RIE B"},"content":{"rendered":"\n<p>A Pol\u00edcia Civil do Paran\u00e1, por meio da 13\u00aa Subdivis\u00e3o Policial de Ponta Grossa, realizou a pris\u00e3o em flagrante do jogador conhecido como &#8220;MIGUELITO&#8221;, do Am\u00e9rica Futebol Clube (Am\u00e9rica-MG), na noite de ontem (04\/05\/2025) pela pr\u00e1tica do crime de inj\u00faria racial contra o jogador ALLANO, do Oper\u00e1rio Ferrovi\u00e1rio Esporte Clube.<\/p>\n\n\n\n<p>O incidente ocorreu durante partida v\u00e1lida pela 6\u00aa rodada do Campeonato Brasileiro S\u00e9rie B, realizada no Est\u00e1dio Germano Kruger, em Ponta Grossa. Por volta dos 30 minutos do primeiro tempo, ap\u00f3s lance de disputa de bola seguido de falta a favor da equipe do Oper\u00e1rio Ferrovi\u00e1rio, o jogador do Am\u00e9rica-MG teria proferido a express\u00e3o &#8220;PRETO DO CARALHO&#8221; contra o jogador da equipe paranaense.<\/p>\n\n\n\n<figure class=\"wp-block-image size-full\"><img loading=\"lazy\" decoding=\"async\" width=\"598\" height=\"204\" src=\"https:\/\/radiostudiow.com.br\/site\/wp-content\/uploads\/2025\/01\/SITE-MEDIO3.png\" alt=\"\" class=\"wp-image-32815\" srcset=\"https:\/\/radiostudiow.com.br\/site\/wp-content\/uploads\/2025\/01\/SITE-MEDIO3.png 598w, https:\/\/radiostudiow.com.br\/site\/wp-content\/uploads\/2025\/01\/SITE-MEDIO3-300x102.png 300w\" sizes=\"auto, (max-width: 598px) 100vw, 598px\" \/><\/figure>\n\n\n\n<p>Diante da gravidade da situa\u00e7\u00e3o, o \u00e1rbitro principal da partida, ALISSON SIDNEI FURTADO, imediatamente interrompeu o jogo e executou o protocolo antirracismo previsto pela Confedera\u00e7\u00e3o Brasileira de Futebol, cruzando os punhos. A partida ficou paralisada por aproximadamente 15 minutos.<\/p>\n\n\n\n<p>A ofensa racial foi confirmada tanto pela v\u00edtima quanto pelo jogador JACY, capit\u00e3o do Oper\u00e1rio Ferrovi\u00e1rio, que presenciou o ocorrido. Embora as imagens da transmiss\u00e3o oficial n\u00e3o tenham captado a ofensa, j\u00e1 que o atleta estava de costas para as c\u00e2meras no momento da fala, os depoimentos foram considerados suficientes para a caracteriza\u00e7\u00e3o do flagrante.<\/p>\n\n\n\n<p>Ap\u00f3s o t\u00e9rmino da partida, o autor, a v\u00edtima e a testemunha foram conduzidas por uma equipe da Pol\u00edcia Militar at\u00e9 a sede da 13\u00aa Subdivis\u00e3o Policial de Ponta Grossa, onde ap\u00f3s ouvir os envolvidos, foi dada voz de pris\u00e3o em flagrante ao jogador &#8220;MIGUELITO&#8221; pela pr\u00e1tica do crime previsto no artigo, \u00a72\u00ba-A, da Lei n\u00ba 7.716\/89.<\/p>\n\n\n\n<figure class=\"wp-block-image size-full\"><img loading=\"lazy\" decoding=\"async\" width=\"598\" height=\"204\" src=\"https:\/\/radiostudiow.com.br\/site\/wp-content\/uploads\/2025\/01\/SITE-MEDIO7.png\" alt=\"\" class=\"wp-image-32801\" srcset=\"https:\/\/radiostudiow.com.br\/site\/wp-content\/uploads\/2025\/01\/SITE-MEDIO7.png 598w, https:\/\/radiostudiow.com.br\/site\/wp-content\/uploads\/2025\/01\/SITE-MEDIO7-300x102.png 300w\" sizes=\"auto, (max-width: 598px) 100vw, 598px\" \/><\/figure>\n\n\n\n<p>A Pol\u00edcia Civil j\u00e1 estabeleceu contato com os canais de transmiss\u00e3o da partida, atrav\u00e9s do advogado do Oper\u00e1rio Ferrovi\u00e1rio, para obten\u00e7\u00e3o de poss\u00edveis imagens captadas de outros \u00e2ngulos que possam ter registrado a fala racista.<\/p>\n\n\n\n<p>O jogador permanecer\u00e1 custodiado at\u00e9 a realiza\u00e7\u00e3o da audi\u00eancia de cust\u00f3dia. O Inqu\u00e9rito Policial dever\u00e1 ser conclu\u00eddo nos pr\u00f3ximos dias sendo que a pena m\u00e1xima prevista para o crime de inj\u00faria racial \u00e9 de 5 (cinco) anos de reclus\u00e3o.<\/p>\n\n\n\n<p><em><strong>Informa\u00e7\u00f5es: Rep\u00f3rter Kiko de Oliveira<\/strong><\/em><\/p>\n","protected":false},"excerpt":{"rendered":"<p>A Pol\u00edcia Civil do Paran\u00e1, por meio da 13\u00aa Subdivis\u00e3o Policial de Ponta Grossa, realizou a pris\u00e3o em flagrante do jogador conhecido como &#8220;MIGUELITO&#8221;, do Am\u00e9rica Futebol Clube (Am\u00e9rica-MG), na noite de ontem (04\/05\/2025) pela pr\u00e1tica do crime de inj\u00faria racial contra o jogador ALLANO, do Oper\u00e1rio Ferrovi\u00e1rio Esporte Clube. O incidente ocorreu durante partida [&hellip;]<\/p>\n","protected":false},"author":2,"featured_media":37663,"comment_status":"open","ping_status":"open","sticky":false,"template":"","format":"standard","meta":{"footnotes":""},"categories":[2],"tags":[172],"class_list":["post-37662","post","type-post","status-publish","format-standard","has-post-thumbnail","hentry","category-policial","tag-featured"],"amp_enabled":true,"_links":{"self":[{"href":"https:\/\/radiostudiow.com.br\/site\/wp-json\/wp\/v2\/posts\/37662","targetHints":{"allow":["GET"]}}],"collection":[{"href":"https:\/\/radiostudiow.com.br\/site\/wp-json\/wp\/v2\/posts"}],"about":[{"href":"https:\/\/radiostudiow.com.br\/site\/wp-json\/wp\/v2\/types\/post"}],"author":[{"embeddable":true,"href":"https:\/\/radiostudiow.com.br\/site\/wp-json\/wp\/v2\/users\/2"}],"replies":[{"embeddable":true,"href":"https:\/\/radiostudiow.com.br\/site\/wp-json\/wp\/v2\/comments?post=37662"}],"version-history":[{"count":1,"href":"https:\/\/radiostudiow.com.br\/site\/wp-json\/wp\/v2\/posts\/37662\/revisions"}],"predecessor-version":[{"id":37664,"href":"https:\/\/radiostudiow.com.br\/site\/wp-json\/wp\/v2\/posts\/37662\/revisions\/37664"}],"wp:featuredmedia":[{"embeddable":true,"href":"https:\/\/radiostudiow.com.br\/site\/wp-json\/wp\/v2\/media\/37663"}],"wp:attachment":[{"href":"https:\/\/radiostudiow.com.br\/site\/wp-json\/wp\/v2\/media?parent=37662"}],"wp:term":[{"taxonomy":"category","embeddable":true,"href":"https:\/\/radiostudiow.com.br\/site\/wp-json\/wp\/v2\/categories?post=37662"},{"taxonomy":"post_tag","embeddable":true,"href":"https:\/\/radiostudiow.com.br\/site\/wp-json\/wp\/v2\/tags?post=37662"}],"curies":[{"name":"wp","href":"https:\/\/api.w.org\/{rel}","templated":true}]}}