{"id":37676,"date":"2025-05-05T10:33:24","date_gmt":"2025-05-05T13:33:24","guid":{"rendered":"https:\/\/radiostudiow.com.br\/site\/?p=37676"},"modified":"2025-05-05T10:33:24","modified_gmt":"2025-05-05T13:33:24","slug":"quatro-pessoas-sao-esfaqueadas-durante-briga-generalizada-em-imbituva","status":"publish","type":"post","link":"https:\/\/radiostudiow.com.br\/site\/2025\/05\/05\/quatro-pessoas-sao-esfaqueadas-durante-briga-generalizada-em-imbituva\/","title":{"rendered":"Quatro pessoas s\u00e3o esfaqueadas durante briga generalizada em Imbituva"},"content":{"rendered":"\n<p><a href=\"https:\/\/api.whatsapp.com\/send?text=Quatro%20pessoas%20s%C3%A3o%20esfaqueadas%20durante%20briga%20generalizada%20em%20Imbituva%20-%20https:\/\/alvoradanoar.com.br\/noticia\/704922\" target=\"_blank\" rel=\"noreferrer noopener\"><\/a>De acordo com informa\u00e7\u00f5es repassada pela Pol\u00edcia Militar foi acionada para prestar atendimento a uma situa\u00e7\u00e3o de ferimento por arma branca no Pronto Atendimento Municipal onde deram entrada 4 homens, v\u00edtimas de ferimentos por arma branca por volta das 01h40min desse domingo (04).<\/p>\n\n\n\n<figure class=\"wp-block-image size-full\"><img loading=\"lazy\" decoding=\"async\" width=\"300\" height=\"180\" src=\"https:\/\/radiostudiow.com.br\/site\/wp-content\/uploads\/2025\/04\/LOU.png\" alt=\"\" class=\"wp-image-37228\"\/><\/figure>\n\n\n\n<p>As vitimas relataram que estavam em um show no CTG, quando aconteceu uma briga generalizada, onde segundo informa\u00e7\u00f5es, ao tentarem separar a referida confus\u00e3o foram atingidos por arma branca, tipo faca, de acordo com os mesmos, pelo fato de ser uma briga generalizada, n\u00e3o foi poss\u00edvel identificar os poss\u00edveis autores das agress\u00f5es.<\/p>\n\n\n\n<p>Diante dos fatos a equipe ap\u00f3s relatos deslocou at\u00e9 o local para realizar patrulhamento, por\u00e9m j\u00e1 n\u00e3o havia mais pessoas nas proximidades..As investiga\u00e7\u00f5es passam a ser feitas pela Pol\u00edcia Civil.<\/p>\n\n\n\n<p><em><strong>Com informa\u00e7\u00f5es da Pol\u00edcia Militar\/ Portal Alvorada<\/strong><\/em><\/p>\n","protected":false},"excerpt":{"rendered":"<p>De acordo com informa\u00e7\u00f5es repassada pela Pol\u00edcia Militar foi acionada para prestar atendimento a uma situa\u00e7\u00e3o de ferimento por arma branca no Pronto Atendimento Municipal onde deram entrada 4 homens, v\u00edtimas de ferimentos por arma branca por volta das 01h40min desse domingo (04). As vitimas relataram que estavam em um show no CTG, quando aconteceu [&hellip;]<\/p>\n","protected":false},"author":2,"featured_media":37678,"comment_status":"open","ping_status":"open","sticky":false,"template":"","format":"standard","meta":{"footnotes":""},"categories":[2],"tags":[172],"class_list":["post-37676","post","type-post","status-publish","format-standard","has-post-thumbnail","hentry","category-policial","tag-featured"],"amp_enabled":true,"_links":{"self":[{"href":"https:\/\/radiostudiow.com.br\/site\/wp-json\/wp\/v2\/posts\/37676","targetHints":{"allow":["GET"]}}],"collection":[{"href":"https:\/\/radiostudiow.com.br\/site\/wp-json\/wp\/v2\/posts"}],"about":[{"href":"https:\/\/radiostudiow.com.br\/site\/wp-json\/wp\/v2\/types\/post"}],"author":[{"embeddable":true,"href":"https:\/\/radiostudiow.com.br\/site\/wp-json\/wp\/v2\/users\/2"}],"replies":[{"embeddable":true,"href":"https:\/\/radiostudiow.com.br\/site\/wp-json\/wp\/v2\/comments?post=37676"}],"version-history":[{"count":1,"href":"https:\/\/radiostudiow.com.br\/site\/wp-json\/wp\/v2\/posts\/37676\/revisions"}],"predecessor-version":[{"id":37679,"href":"https:\/\/radiostudiow.com.br\/site\/wp-json\/wp\/v2\/posts\/37676\/revisions\/37679"}],"wp:featuredmedia":[{"embeddable":true,"href":"https:\/\/radiostudiow.com.br\/site\/wp-json\/wp\/v2\/media\/37678"}],"wp:attachment":[{"href":"https:\/\/radiostudiow.com.br\/site\/wp-json\/wp\/v2\/media?parent=37676"}],"wp:term":[{"taxonomy":"category","embeddable":true,"href":"https:\/\/radiostudiow.com.br\/site\/wp-json\/wp\/v2\/categories?post=37676"},{"taxonomy":"post_tag","embeddable":true,"href":"https:\/\/radiostudiow.com.br\/site\/wp-json\/wp\/v2\/tags?post=37676"}],"curies":[{"name":"wp","href":"https:\/\/api.w.org\/{rel}","templated":true}]}}