{"id":37752,"date":"2025-05-06T11:35:41","date_gmt":"2025-05-06T14:35:41","guid":{"rendered":"https:\/\/radiostudiow.com.br\/site\/?p=37752"},"modified":"2025-05-06T11:35:41","modified_gmt":"2025-05-06T14:35:41","slug":"pm-prende-homem-por-descumprimento-de-medida-protetiva-de-urgencia-em-uniao-da-vitoria","status":"publish","type":"post","link":"https:\/\/radiostudiow.com.br\/site\/2025\/05\/06\/pm-prende-homem-por-descumprimento-de-medida-protetiva-de-urgencia-em-uniao-da-vitoria\/","title":{"rendered":"PM prende homem por descumprimento de medida protetiva de urg\u00eancia em Uni\u00e3o da Vit\u00f3ria"},"content":{"rendered":"\n<p>A equipe da Pol\u00edcia Militar de Uni\u00e3o da Vit\u00f3ria foi acionada para atender uma ocorr\u00eancia de viol\u00eancia dom\u00e9stica no distrito de S\u00e3o Crist\u00f3v\u00e3o por volta das 20 horas dessa segunda-feira (05).<\/p>\n\n\n\n<p>No local, a v\u00edtima informou possuir Medida Protetiva de Urg\u00eancia ativa contra o autor, que foi localizado em frente \u00e0 sua resid\u00eancia.<\/p>\n\n\n\n<figure class=\"wp-block-image size-full\"><img loading=\"lazy\" decoding=\"async\" width=\"897\" height=\"204\" src=\"https:\/\/radiostudiow.com.br\/site\/wp-content\/uploads\/2025\/01\/SITE-GRANDE.png\" alt=\"\" class=\"wp-image-32809\" srcset=\"https:\/\/radiostudiow.com.br\/site\/wp-content\/uploads\/2025\/01\/SITE-GRANDE.png 897w, https:\/\/radiostudiow.com.br\/site\/wp-content\/uploads\/2025\/01\/SITE-GRANDE-300x68.png 300w, https:\/\/radiostudiow.com.br\/site\/wp-content\/uploads\/2025\/01\/SITE-GRANDE-768x175.png 768w\" sizes=\"auto, (max-width: 897px) 100vw, 897px\" \/><\/figure>\n\n\n\n<p>Ela relatou ainda que persegui\u00e7\u00f5es s\u00e3o constantes e agress\u00f5es ocorridas dias antes. Ap\u00f3s consulta aos sistemas, foi confirmada a exist\u00eancia da medida protetiva vigente.<\/p>\n\n\n\n<p>Diante dos fatos, oautor recebeu voz de pris\u00e3o e foi conduzido \u00e0 delegacia de pol\u00edcia para os procedimentos cab\u00edveis<\/p>\n","protected":false},"excerpt":{"rendered":"<p>A equipe da Pol\u00edcia Militar de Uni\u00e3o da Vit\u00f3ria foi acionada para atender uma ocorr\u00eancia de viol\u00eancia dom\u00e9stica no distrito de S\u00e3o Crist\u00f3v\u00e3o por volta das 20 horas dessa segunda-feira (05). No local, a v\u00edtima informou possuir Medida Protetiva de Urg\u00eancia ativa contra o autor, que foi localizado em frente \u00e0 sua resid\u00eancia. Ela relatou [&hellip;]<\/p>\n","protected":false},"author":2,"featured_media":27487,"comment_status":"open","ping_status":"open","sticky":false,"template":"","format":"standard","meta":{"footnotes":""},"categories":[2],"tags":[172],"class_list":["post-37752","post","type-post","status-publish","format-standard","has-post-thumbnail","hentry","category-policial","tag-featured"],"amp_enabled":true,"_links":{"self":[{"href":"https:\/\/radiostudiow.com.br\/site\/wp-json\/wp\/v2\/posts\/37752","targetHints":{"allow":["GET"]}}],"collection":[{"href":"https:\/\/radiostudiow.com.br\/site\/wp-json\/wp\/v2\/posts"}],"about":[{"href":"https:\/\/radiostudiow.com.br\/site\/wp-json\/wp\/v2\/types\/post"}],"author":[{"embeddable":true,"href":"https:\/\/radiostudiow.com.br\/site\/wp-json\/wp\/v2\/users\/2"}],"replies":[{"embeddable":true,"href":"https:\/\/radiostudiow.com.br\/site\/wp-json\/wp\/v2\/comments?post=37752"}],"version-history":[{"count":2,"href":"https:\/\/radiostudiow.com.br\/site\/wp-json\/wp\/v2\/posts\/37752\/revisions"}],"predecessor-version":[{"id":37754,"href":"https:\/\/radiostudiow.com.br\/site\/wp-json\/wp\/v2\/posts\/37752\/revisions\/37754"}],"wp:featuredmedia":[{"embeddable":true,"href":"https:\/\/radiostudiow.com.br\/site\/wp-json\/wp\/v2\/media\/27487"}],"wp:attachment":[{"href":"https:\/\/radiostudiow.com.br\/site\/wp-json\/wp\/v2\/media?parent=37752"}],"wp:term":[{"taxonomy":"category","embeddable":true,"href":"https:\/\/radiostudiow.com.br\/site\/wp-json\/wp\/v2\/categories?post=37752"},{"taxonomy":"post_tag","embeddable":true,"href":"https:\/\/radiostudiow.com.br\/site\/wp-json\/wp\/v2\/tags?post=37752"}],"curies":[{"name":"wp","href":"https:\/\/api.w.org\/{rel}","templated":true}]}}