{"id":37755,"date":"2025-05-06T11:43:21","date_gmt":"2025-05-06T14:43:21","guid":{"rendered":"https:\/\/radiostudiow.com.br\/site\/?p=37755"},"modified":"2025-05-06T11:43:21","modified_gmt":"2025-05-06T14:43:21","slug":"acidente-de-moto-e-registrado-na-br-153-entre-reboucas-e-irati","status":"publish","type":"post","link":"https:\/\/radiostudiow.com.br\/site\/2025\/05\/06\/acidente-de-moto-e-registrado-na-br-153-entre-reboucas-e-irati\/","title":{"rendered":"Acidente de moto \u00e9 registrado na BR-153 entre Rebou\u00e7as e Irati"},"content":{"rendered":"\n<p>Um acidente envolvendo uma motocicleta foi registrado na BR-153, no quil\u00f4metro 342, em um trecho conhecido como Riozinho dos Anciutti, localizado entre os munic\u00edpios de Rebou\u00e7as e Irati na tarde desta segunda -feira (05).<\/p>\n\n\n\n<figure class=\"wp-block-image size-full\"><img loading=\"lazy\" decoding=\"async\" width=\"897\" height=\"204\" src=\"https:\/\/radiostudiow.com.br\/site\/wp-content\/uploads\/2025\/01\/SITE-GRANDE2.png\" alt=\"\" class=\"wp-image-32805\" srcset=\"https:\/\/radiostudiow.com.br\/site\/wp-content\/uploads\/2025\/01\/SITE-GRANDE2.png 897w, https:\/\/radiostudiow.com.br\/site\/wp-content\/uploads\/2025\/01\/SITE-GRANDE2-300x68.png 300w, https:\/\/radiostudiow.com.br\/site\/wp-content\/uploads\/2025\/01\/SITE-GRANDE2-768x175.png 768w\" sizes=\"auto, (max-width: 897px) 100vw, 897px\" \/><\/figure>\n\n\n\n<p>De acordo com informa\u00e7\u00f5es preliminares, o condutor da moto \u2014 um homem cuja identidade n\u00e3o foi divulgada \u2014 sofreu uma queda e apresentava suspeita de fratura. Ele foi atendido no local por equipes de emerg\u00eancia e, em seguida, encaminhado ao Hospital Darci Vargas para avalia\u00e7\u00e3o m\u00e9dica e realiza\u00e7\u00e3o de exames.<\/p>\n\n\n\n<p>As causas do acidente ainda n\u00e3o foram oficialmente divulgadas. O tr\u00e2nsito no local seguiu com fluidez, sem maiores transtornos.<\/p>\n\n\n\n<p><em>Com informa\u00e7\u00f5es do Corpo de Bombeiros\/R\u00e1dio Alvorada<\/em><\/p>\n","protected":false},"excerpt":{"rendered":"<p>Um acidente envolvendo uma motocicleta foi registrado na BR-153, no quil\u00f4metro 342, em um trecho conhecido como Riozinho dos Anciutti, localizado entre os munic\u00edpios de Rebou\u00e7as e Irati na tarde desta segunda -feira (05). De acordo com informa\u00e7\u00f5es preliminares, o condutor da moto \u2014 um homem cuja identidade n\u00e3o foi divulgada \u2014 sofreu uma queda [&hellip;]<\/p>\n","protected":false},"author":2,"featured_media":37756,"comment_status":"open","ping_status":"open","sticky":false,"template":"","format":"standard","meta":{"footnotes":""},"categories":[185],"tags":[172],"class_list":["post-37755","post","type-post","status-publish","format-standard","has-post-thumbnail","hentry","category-regional","tag-featured"],"amp_enabled":true,"_links":{"self":[{"href":"https:\/\/radiostudiow.com.br\/site\/wp-json\/wp\/v2\/posts\/37755","targetHints":{"allow":["GET"]}}],"collection":[{"href":"https:\/\/radiostudiow.com.br\/site\/wp-json\/wp\/v2\/posts"}],"about":[{"href":"https:\/\/radiostudiow.com.br\/site\/wp-json\/wp\/v2\/types\/post"}],"author":[{"embeddable":true,"href":"https:\/\/radiostudiow.com.br\/site\/wp-json\/wp\/v2\/users\/2"}],"replies":[{"embeddable":true,"href":"https:\/\/radiostudiow.com.br\/site\/wp-json\/wp\/v2\/comments?post=37755"}],"version-history":[{"count":1,"href":"https:\/\/radiostudiow.com.br\/site\/wp-json\/wp\/v2\/posts\/37755\/revisions"}],"predecessor-version":[{"id":37757,"href":"https:\/\/radiostudiow.com.br\/site\/wp-json\/wp\/v2\/posts\/37755\/revisions\/37757"}],"wp:featuredmedia":[{"embeddable":true,"href":"https:\/\/radiostudiow.com.br\/site\/wp-json\/wp\/v2\/media\/37756"}],"wp:attachment":[{"href":"https:\/\/radiostudiow.com.br\/site\/wp-json\/wp\/v2\/media?parent=37755"}],"wp:term":[{"taxonomy":"category","embeddable":true,"href":"https:\/\/radiostudiow.com.br\/site\/wp-json\/wp\/v2\/categories?post=37755"},{"taxonomy":"post_tag","embeddable":true,"href":"https:\/\/radiostudiow.com.br\/site\/wp-json\/wp\/v2\/tags?post=37755"}],"curies":[{"name":"wp","href":"https:\/\/api.w.org\/{rel}","templated":true}]}}