{"id":37758,"date":"2025-05-06T11:45:38","date_gmt":"2025-05-06T14:45:38","guid":{"rendered":"https:\/\/radiostudiow.com.br\/site\/?p=37758"},"modified":"2025-05-06T11:45:39","modified_gmt":"2025-05-06T14:45:39","slug":"homem-e-preso-com-revolver-durante-abordagem-policial-em-irati","status":"publish","type":"post","link":"https:\/\/radiostudiow.com.br\/site\/2025\/05\/06\/homem-e-preso-com-revolver-durante-abordagem-policial-em-irati\/","title":{"rendered":"Homem \u00e9 preso com rev\u00f3lver durante abordagem policial em Irati"},"content":{"rendered":"\n<figure class=\"wp-block-image size-full\"><img loading=\"lazy\" decoding=\"async\" width=\"897\" height=\"204\" src=\"https:\/\/radiostudiow.com.br\/site\/wp-content\/uploads\/2025\/03\/image-62.png\" alt=\"\" class=\"wp-image-35859\" srcset=\"https:\/\/radiostudiow.com.br\/site\/wp-content\/uploads\/2025\/03\/image-62.png 897w, https:\/\/radiostudiow.com.br\/site\/wp-content\/uploads\/2025\/03\/image-62-300x68.png 300w, https:\/\/radiostudiow.com.br\/site\/wp-content\/uploads\/2025\/03\/image-62-768x175.png 768w\" sizes=\"auto, (max-width: 897px) 100vw, 897px\" \/><\/figure>\n\n\n\n<p>Um homem foi preso durante uma abordagem da Pol\u00edcia Militar a um ve\u00edculo GM Astra na cidade de Irati por volta das 16h50min desta segunda-feira (05). A a\u00e7\u00e3o policial foi motivada por uma den\u00fancia de que um dos ocupantes do carro estaria armado.<\/p>\n\n\n\n<p>Durante a revista pessoal, os policiais localizaram um rev\u00f3lver calibre .32, marca Taurus, desmuniciado, na cintura de um dos passageiros. Diante do flagrante, o indiv\u00edduo recebeu voz de pris\u00e3o e teve seus direitos constitucionais lidos pela equipe policial.<\/p>\n\n\n\n<figure class=\"wp-block-image size-full\"><img loading=\"lazy\" decoding=\"async\" width=\"897\" height=\"204\" src=\"https:\/\/radiostudiow.com.br\/site\/wp-content\/uploads\/2025\/03\/BARAO-NOVO-NOTICIAS-1.jpg\" alt=\"\" class=\"wp-image-35084\" srcset=\"https:\/\/radiostudiow.com.br\/site\/wp-content\/uploads\/2025\/03\/BARAO-NOVO-NOTICIAS-1.jpg 897w, https:\/\/radiostudiow.com.br\/site\/wp-content\/uploads\/2025\/03\/BARAO-NOVO-NOTICIAS-1-300x68.jpg 300w, https:\/\/radiostudiow.com.br\/site\/wp-content\/uploads\/2025\/03\/BARAO-NOVO-NOTICIAS-1-768x175.jpg 768w\" sizes=\"auto, (max-width: 897px) 100vw, 897px\" \/><\/figure>\n\n\n\n<p>Os demais ocupantes do ve\u00edculo foram revistados, mas nada de il\u00edcito foi encontrado com eles. No entanto, o condutor do autom\u00f3vel n\u00e3o possu\u00eda Carteira Nacional de Habilita\u00e7\u00e3o (CNH), resultando na lavratura das notifica\u00e7\u00f5es cab\u00edveis.<\/p>\n\n\n\n<p>O homem preso foi conduzido \u00e0 Unidade de Pronto Atendimento (UPA) para elabora\u00e7\u00e3o do laudo de les\u00f5es corporais e, em seguida, apresentado \u00e0 Delegacia de Pol\u00edcia Civil, onde permanecer\u00e1 \u00e0 disposi\u00e7\u00e3o da Justi\u00e7a.<\/p>\n\n\n\n<p><em>Com informa\u00e7\u00f5es da Pol\u00edcia Militar\/R\u00e1dio Alvorada<\/em><\/p>\n","protected":false},"excerpt":{"rendered":"<p>Um homem foi preso durante uma abordagem da Pol\u00edcia Militar a um ve\u00edculo GM Astra na cidade de Irati por volta das 16h50min desta segunda-feira (05). A a\u00e7\u00e3o policial foi motivada por uma den\u00fancia de que um dos ocupantes do carro estaria armado. Durante a revista pessoal, os policiais localizaram um rev\u00f3lver calibre .32, marca [&hellip;]<\/p>\n","protected":false},"author":2,"featured_media":37759,"comment_status":"open","ping_status":"open","sticky":false,"template":"","format":"standard","meta":{"footnotes":""},"categories":[2],"tags":[172],"class_list":["post-37758","post","type-post","status-publish","format-standard","has-post-thumbnail","hentry","category-policial","tag-featured"],"amp_enabled":true,"_links":{"self":[{"href":"https:\/\/radiostudiow.com.br\/site\/wp-json\/wp\/v2\/posts\/37758","targetHints":{"allow":["GET"]}}],"collection":[{"href":"https:\/\/radiostudiow.com.br\/site\/wp-json\/wp\/v2\/posts"}],"about":[{"href":"https:\/\/radiostudiow.com.br\/site\/wp-json\/wp\/v2\/types\/post"}],"author":[{"embeddable":true,"href":"https:\/\/radiostudiow.com.br\/site\/wp-json\/wp\/v2\/users\/2"}],"replies":[{"embeddable":true,"href":"https:\/\/radiostudiow.com.br\/site\/wp-json\/wp\/v2\/comments?post=37758"}],"version-history":[{"count":1,"href":"https:\/\/radiostudiow.com.br\/site\/wp-json\/wp\/v2\/posts\/37758\/revisions"}],"predecessor-version":[{"id":37760,"href":"https:\/\/radiostudiow.com.br\/site\/wp-json\/wp\/v2\/posts\/37758\/revisions\/37760"}],"wp:featuredmedia":[{"embeddable":true,"href":"https:\/\/radiostudiow.com.br\/site\/wp-json\/wp\/v2\/media\/37759"}],"wp:attachment":[{"href":"https:\/\/radiostudiow.com.br\/site\/wp-json\/wp\/v2\/media?parent=37758"}],"wp:term":[{"taxonomy":"category","embeddable":true,"href":"https:\/\/radiostudiow.com.br\/site\/wp-json\/wp\/v2\/categories?post=37758"},{"taxonomy":"post_tag","embeddable":true,"href":"https:\/\/radiostudiow.com.br\/site\/wp-json\/wp\/v2\/tags?post=37758"}],"curies":[{"name":"wp","href":"https:\/\/api.w.org\/{rel}","templated":true}]}}