{"id":37763,"date":"2025-05-06T18:33:50","date_gmt":"2025-05-06T21:33:50","guid":{"rendered":"https:\/\/radiostudiow.com.br\/site\/?p=37763"},"modified":"2025-05-06T18:33:51","modified_gmt":"2025-05-06T21:33:51","slug":"pm-de-rio-azul-prende-motorista-por-manobras-perigosas-e-embriaguez","status":"publish","type":"post","link":"https:\/\/radiostudiow.com.br\/site\/2025\/05\/06\/pm-de-rio-azul-prende-motorista-por-manobras-perigosas-e-embriaguez\/","title":{"rendered":"PM de Rio Azul prende motorista por manobras perigosas e embriaguez"},"content":{"rendered":"\n<p>Um motorista sem habilita\u00e7\u00e3o foi preso por embriaguez ao volante durante a noite dessa segunda-feira, 05 de maio, em Rio Azul.<\/p>\n\n\n\n<p>O autor estava conduzindo um carro com o escapamento emitindo ru\u00eddos e realizando manobras perigosas de derrapagem de pneus.<\/p>\n\n\n\n<figure class=\"wp-block-image size-full\"><img loading=\"lazy\" decoding=\"async\" width=\"897\" height=\"204\" src=\"https:\/\/radiostudiow.com.br\/site\/wp-content\/uploads\/2025\/03\/SITE-GRANDE5.png\" alt=\"\" class=\"wp-image-35420\" srcset=\"https:\/\/radiostudiow.com.br\/site\/wp-content\/uploads\/2025\/03\/SITE-GRANDE5.png 897w, https:\/\/radiostudiow.com.br\/site\/wp-content\/uploads\/2025\/03\/SITE-GRANDE5-300x68.png 300w, https:\/\/radiostudiow.com.br\/site\/wp-content\/uploads\/2025\/03\/SITE-GRANDE5-768x175.png 768w\" sizes=\"auto, (max-width: 897px) 100vw, 897px\" \/><\/figure>\n\n\n\n<p>Segundo a PM, o passageiro foi liberado. J\u00e1 o condutor apresentava sinais de embriaguez e foi submetido ao teste do baf\u00f4metro, que teve resultado de 0,72 mg\/l de \u00e1lcool no organismo.<\/p>\n\n\n\n<p>Em verifica\u00e7\u00e3o no sistema foi constatado que o homem n\u00e3o tinha Carteira Nacional de Habilita\u00e7\u00e3o (CNH). Ele foi preso e encaminhado para a Delegacia de Irati.<\/p>\n\n\n\n<p>O carro foi recolhido ao p\u00e1tio do Destacamento da PM de Rio Azul por apresentar d\u00e9bitos na documenta\u00e7\u00e3o.<\/p>\n","protected":false},"excerpt":{"rendered":"<p>Um motorista sem habilita\u00e7\u00e3o foi preso por embriaguez ao volante durante a noite dessa segunda-feira, 05 de maio, em Rio Azul. O autor estava conduzindo um carro com o escapamento emitindo ru\u00eddos e realizando manobras perigosas de derrapagem de pneus. Segundo a PM, o passageiro foi liberado. J\u00e1 o condutor apresentava sinais de embriaguez e [&hellip;]<\/p>\n","protected":false},"author":2,"featured_media":35305,"comment_status":"open","ping_status":"open","sticky":false,"template":"","format":"standard","meta":{"footnotes":""},"categories":[2],"tags":[172],"class_list":["post-37763","post","type-post","status-publish","format-standard","has-post-thumbnail","hentry","category-policial","tag-featured"],"amp_enabled":true,"_links":{"self":[{"href":"https:\/\/radiostudiow.com.br\/site\/wp-json\/wp\/v2\/posts\/37763","targetHints":{"allow":["GET"]}}],"collection":[{"href":"https:\/\/radiostudiow.com.br\/site\/wp-json\/wp\/v2\/posts"}],"about":[{"href":"https:\/\/radiostudiow.com.br\/site\/wp-json\/wp\/v2\/types\/post"}],"author":[{"embeddable":true,"href":"https:\/\/radiostudiow.com.br\/site\/wp-json\/wp\/v2\/users\/2"}],"replies":[{"embeddable":true,"href":"https:\/\/radiostudiow.com.br\/site\/wp-json\/wp\/v2\/comments?post=37763"}],"version-history":[{"count":2,"href":"https:\/\/radiostudiow.com.br\/site\/wp-json\/wp\/v2\/posts\/37763\/revisions"}],"predecessor-version":[{"id":37779,"href":"https:\/\/radiostudiow.com.br\/site\/wp-json\/wp\/v2\/posts\/37763\/revisions\/37779"}],"wp:featuredmedia":[{"embeddable":true,"href":"https:\/\/radiostudiow.com.br\/site\/wp-json\/wp\/v2\/media\/35305"}],"wp:attachment":[{"href":"https:\/\/radiostudiow.com.br\/site\/wp-json\/wp\/v2\/media?parent=37763"}],"wp:term":[{"taxonomy":"category","embeddable":true,"href":"https:\/\/radiostudiow.com.br\/site\/wp-json\/wp\/v2\/categories?post=37763"},{"taxonomy":"post_tag","embeddable":true,"href":"https:\/\/radiostudiow.com.br\/site\/wp-json\/wp\/v2\/tags?post=37763"}],"curies":[{"name":"wp","href":"https:\/\/api.w.org\/{rel}","templated":true}]}}