{"id":37769,"date":"2025-05-06T16:52:20","date_gmt":"2025-05-06T19:52:20","guid":{"rendered":"https:\/\/radiostudiow.com.br\/site\/?p=37769"},"modified":"2025-05-06T16:53:22","modified_gmt":"2025-05-06T19:53:22","slug":"acidente-fatal-na-br-277-em-guarapuava-uma-vitima-e-feridos-em-colisao-frontal","status":"publish","type":"post","link":"https:\/\/radiostudiow.com.br\/site\/2025\/05\/06\/acidente-fatal-na-br-277-em-guarapuava-uma-vitima-e-feridos-em-colisao-frontal\/","title":{"rendered":"Acidente grave deixou uma v\u00edtima fatal e outras feridas na BR-277 em Guarapuava"},"content":{"rendered":"\n<p>Na tarde do dia 6 de maio de 2025, um grave acidente envolvendo dois ve\u00edculos resultou na morte de um homem na BR-277, em Guarapuava, Paran\u00e1. Por volta das 13 horas, uma colis\u00e3o frontal seguida de sa\u00edda de pista ocorreu no Km 315 da rodovia, despertando a aten\u00e7\u00e3o das autoridades e da equipe de resgate.<\/p>\n\n\n\n<p>Segundo informa\u00e7\u00f5es preliminares, o acidente ocorreu quando um caminh\u00e3o carregado com soja, que seguia em dire\u00e7\u00e3o a Curitiba, invadiu a pista contr\u00e1ria e colidiu com uma Duster branca que trafegava no sentido oposto. O impacto da colis\u00e3o foi devastador.<\/p>\n\n\n\n<figure class=\"wp-block-image size-full\"><img decoding=\"async\" src=\"https:\/\/radiostudiow.com.br\/site\/wp-content\/uploads\/2025\/05\/BEAZY.png\" alt=\"\" class=\"wp-image-37707\"\/><\/figure>\n\n\n\n<p>O condutor da Duster e uma passageira sofreram ferimentos leves e receberam atendimento imediato no local, sendo posteriormente levados \u00e0 Unidade de Pronto Atendimento (UPA) de Guarapuava. No entanto, outra passageira do ve\u00edculo sofreu ferimentos graves e precisou ser transferida para o Hospital S\u00e3o Vicente, onde recebeu cuidados intensivos.<\/p>\n\n\n\n<p>Infelizmente, o motorista do caminh\u00e3o, um homem de 33 anos, n\u00e3o sobreviveu ao acidente e foi declarado morto no local. O teste do baf\u00f4metro realizado no condutor da Duster deu resultado negativo para ingest\u00e3o de \u00e1lcool, o que levanta a investiga\u00e7\u00e3o sobre as causas exatas do acidente.<\/p>\n\n\n\n<figure class=\"wp-block-image size-full\"><img loading=\"lazy\" decoding=\"async\" width=\"598\" height=\"204\" src=\"https:\/\/radiostudiow.com.br\/site\/wp-content\/uploads\/2025\/01\/SITE-MEDIO7.png\" alt=\"\" class=\"wp-image-32801\" srcset=\"https:\/\/radiostudiow.com.br\/site\/wp-content\/uploads\/2025\/01\/SITE-MEDIO7.png 598w, https:\/\/radiostudiow.com.br\/site\/wp-content\/uploads\/2025\/01\/SITE-MEDIO7-300x102.png 300w\" sizes=\"auto, (max-width: 598px) 100vw, 598px\" \/><\/figure>\n\n\n\n<p>Devido \u00e0 gravidade da colis\u00e3o, a rodovia foi interditada totalmente por cerca de uma hora para que a per\u00edcia pudesse ser realizada. Ap\u00f3s a an\u00e1lise do local, a pista foi liberada em parte sob o regime PARE e SIGA por mais uma hora, voltando a liberar completamente \u00e0s 16h06.<\/p>\n\n\n\n<p>As autoridades seguem investigando as circunst\u00e2ncias que levaram a esse tr\u00e1gico acidente e orientam os motoristas a redobrarem a aten\u00e7\u00e3o nas estradas.<\/p>\n","protected":false},"excerpt":{"rendered":"<p>Na tarde do dia 6 de maio de 2025, um grave acidente envolvendo dois ve\u00edculos resultou na morte de um homem na BR-277, em Guarapuava, Paran\u00e1. Por volta das 13 horas, uma colis\u00e3o frontal seguida de sa\u00edda de pista ocorreu no Km 315 da rodovia, despertando a aten\u00e7\u00e3o das autoridades e da equipe de resgate. [&hellip;]<\/p>\n","protected":false},"author":2,"featured_media":37770,"comment_status":"open","ping_status":"open","sticky":false,"template":"","format":"standard","meta":{"footnotes":""},"categories":[185],"tags":[172],"class_list":["post-37769","post","type-post","status-publish","format-standard","has-post-thumbnail","hentry","category-regional","tag-featured"],"amp_enabled":true,"_links":{"self":[{"href":"https:\/\/radiostudiow.com.br\/site\/wp-json\/wp\/v2\/posts\/37769","targetHints":{"allow":["GET"]}}],"collection":[{"href":"https:\/\/radiostudiow.com.br\/site\/wp-json\/wp\/v2\/posts"}],"about":[{"href":"https:\/\/radiostudiow.com.br\/site\/wp-json\/wp\/v2\/types\/post"}],"author":[{"embeddable":true,"href":"https:\/\/radiostudiow.com.br\/site\/wp-json\/wp\/v2\/users\/2"}],"replies":[{"embeddable":true,"href":"https:\/\/radiostudiow.com.br\/site\/wp-json\/wp\/v2\/comments?post=37769"}],"version-history":[{"count":2,"href":"https:\/\/radiostudiow.com.br\/site\/wp-json\/wp\/v2\/posts\/37769\/revisions"}],"predecessor-version":[{"id":37772,"href":"https:\/\/radiostudiow.com.br\/site\/wp-json\/wp\/v2\/posts\/37769\/revisions\/37772"}],"wp:featuredmedia":[{"embeddable":true,"href":"https:\/\/radiostudiow.com.br\/site\/wp-json\/wp\/v2\/media\/37770"}],"wp:attachment":[{"href":"https:\/\/radiostudiow.com.br\/site\/wp-json\/wp\/v2\/media?parent=37769"}],"wp:term":[{"taxonomy":"category","embeddable":true,"href":"https:\/\/radiostudiow.com.br\/site\/wp-json\/wp\/v2\/categories?post=37769"},{"taxonomy":"post_tag","embeddable":true,"href":"https:\/\/radiostudiow.com.br\/site\/wp-json\/wp\/v2\/tags?post=37769"}],"curies":[{"name":"wp","href":"https:\/\/api.w.org\/{rel}","templated":true}]}}