{"id":37791,"date":"2025-05-07T09:56:28","date_gmt":"2025-05-07T12:56:28","guid":{"rendered":"https:\/\/radiostudiow.com.br\/site\/?p=37791"},"modified":"2025-05-07T10:01:54","modified_gmt":"2025-05-07T13:01:54","slug":"homem-e-preso-por-trafico-de-drogas-no-distrito-de-sao-cristovao-em-uniao-da-vitoria","status":"publish","type":"post","link":"https:\/\/radiostudiow.com.br\/site\/2025\/05\/07\/homem-e-preso-por-trafico-de-drogas-no-distrito-de-sao-cristovao-em-uniao-da-vitoria\/","title":{"rendered":"Homem \u00e9 preso por tr\u00e1fico de drogas no Distrito de S\u00e3o Crist\u00f3v\u00e3o, em Uni\u00e3o da Vit\u00f3ria"},"content":{"rendered":"\n<figure class=\"wp-block-image size-full\"><img loading=\"lazy\" decoding=\"async\" width=\"897\" height=\"204\" src=\"https:\/\/radiostudiow.com.br\/site\/wp-content\/uploads\/2024\/01\/SITE-GRANDE3.png\" alt=\"zaions\" class=\"wp-image-18936\" srcset=\"https:\/\/radiostudiow.com.br\/site\/wp-content\/uploads\/2024\/01\/SITE-GRANDE3.png 897w, https:\/\/radiostudiow.com.br\/site\/wp-content\/uploads\/2024\/01\/SITE-GRANDE3-300x68.png 300w, https:\/\/radiostudiow.com.br\/site\/wp-content\/uploads\/2024\/01\/SITE-GRANDE3-768x175.png 768w\" sizes=\"auto, (max-width: 897px) 100vw, 897px\" \/><\/figure>\n\n\n\n<p><strong>Um homem foi preso no in\u00edcio da noite desta ter\u00e7a-feira (06) pelo crime de tr\u00e1fico de drogas no Distrito de \u00a0S\u00e3o Crist\u00f3v\u00e3o. A a\u00e7\u00e3o foi realizada por uma equipe da Pol\u00edcia Militar, durante patrulhamento de rotina por volta das 18h.<\/strong><\/p>\n\n\n\n<p>De acordo com o boletim de ocorr\u00eancia, os policiais das Rondas Ostensivas T\u00e1ticas (ROTAM) abordaram um indiv\u00edduo em atitude suspeita.<\/p>\n\n\n\n<p>Durante a revista pessoal, os agentes localizaram, dentro de um saco de ra\u00e7\u00e3o para c\u00e3es, uma por\u00e7\u00e3o de subst\u00e2ncia an\u00e1loga \u00e0 coca\u00edna, totalizando 44 gramas.<\/p>\n\n\n\n<p>Al\u00e9m da droga, tamb\u00e9m foi encontrada uma balan\u00e7a de precis\u00e3o com vest\u00edgios da mesma subst\u00e2ncia no interior de uma jaqueta que estava com o suspeito, um material comumente utilizado para fracionamento e comercializa\u00e7\u00e3o de entorpecentes.<\/p>\n\n\n\n<figure class=\"wp-block-image size-full\"><img loading=\"lazy\" decoding=\"async\" width=\"897\" height=\"204\" src=\"https:\/\/radiostudiow.com.br\/site\/wp-content\/uploads\/2025\/03\/SITE-GRANDE5.png\" alt=\"\" class=\"wp-image-35420\" srcset=\"https:\/\/radiostudiow.com.br\/site\/wp-content\/uploads\/2025\/03\/SITE-GRANDE5.png 897w, https:\/\/radiostudiow.com.br\/site\/wp-content\/uploads\/2025\/03\/SITE-GRANDE5-300x68.png 300w, https:\/\/radiostudiow.com.br\/site\/wp-content\/uploads\/2025\/03\/SITE-GRANDE5-768x175.png 768w\" sizes=\"auto, (max-width: 897px) 100vw, 897px\" \/><\/figure>\n\n\n\n<p><\/p>\n\n\n\n<p>Diante dos fatos, o homem recebeu voz de pris\u00e3o, foi informado sobre seus direitos constitucionais e encaminhado \u00e0 4\u00aa Subdivis\u00e3o Policial (SDP) de Uni\u00e3o da Vit\u00f3ria, onde permanece \u00e0 disposi\u00e7\u00e3o da Justi\u00e7a.<\/p>\n\n\n\n<p>FONTE: 27\u00ba BPM<\/p>\n","protected":false},"excerpt":{"rendered":"<p>Um homem foi preso no in\u00edcio da noite desta ter\u00e7a-feira (06) pelo crime de tr\u00e1fico de drogas no Distrito de \u00a0S\u00e3o Crist\u00f3v\u00e3o. A a\u00e7\u00e3o foi realizada por uma equipe da Pol\u00edcia Militar, durante patrulhamento de rotina por volta das 18h. De acordo com o boletim de ocorr\u00eancia, os policiais das Rondas Ostensivas T\u00e1ticas (ROTAM) abordaram [&hellip;]<\/p>\n","protected":false},"author":2,"featured_media":37793,"comment_status":"open","ping_status":"open","sticky":false,"template":"","format":"standard","meta":{"footnotes":""},"categories":[2],"tags":[172],"class_list":["post-37791","post","type-post","status-publish","format-standard","has-post-thumbnail","hentry","category-policial","tag-featured"],"amp_enabled":true,"_links":{"self":[{"href":"https:\/\/radiostudiow.com.br\/site\/wp-json\/wp\/v2\/posts\/37791","targetHints":{"allow":["GET"]}}],"collection":[{"href":"https:\/\/radiostudiow.com.br\/site\/wp-json\/wp\/v2\/posts"}],"about":[{"href":"https:\/\/radiostudiow.com.br\/site\/wp-json\/wp\/v2\/types\/post"}],"author":[{"embeddable":true,"href":"https:\/\/radiostudiow.com.br\/site\/wp-json\/wp\/v2\/users\/2"}],"replies":[{"embeddable":true,"href":"https:\/\/radiostudiow.com.br\/site\/wp-json\/wp\/v2\/comments?post=37791"}],"version-history":[{"count":2,"href":"https:\/\/radiostudiow.com.br\/site\/wp-json\/wp\/v2\/posts\/37791\/revisions"}],"predecessor-version":[{"id":37796,"href":"https:\/\/radiostudiow.com.br\/site\/wp-json\/wp\/v2\/posts\/37791\/revisions\/37796"}],"wp:featuredmedia":[{"embeddable":true,"href":"https:\/\/radiostudiow.com.br\/site\/wp-json\/wp\/v2\/media\/37793"}],"wp:attachment":[{"href":"https:\/\/radiostudiow.com.br\/site\/wp-json\/wp\/v2\/media?parent=37791"}],"wp:term":[{"taxonomy":"category","embeddable":true,"href":"https:\/\/radiostudiow.com.br\/site\/wp-json\/wp\/v2\/categories?post=37791"},{"taxonomy":"post_tag","embeddable":true,"href":"https:\/\/radiostudiow.com.br\/site\/wp-json\/wp\/v2\/tags?post=37791"}],"curies":[{"name":"wp","href":"https:\/\/api.w.org\/{rel}","templated":true}]}}