{"id":37803,"date":"2025-05-07T10:17:28","date_gmt":"2025-05-07T13:17:28","guid":{"rendered":"https:\/\/radiostudiow.com.br\/site\/?p=37803"},"modified":"2025-05-07T10:18:18","modified_gmt":"2025-05-07T13:18:18","slug":"homem-e-preso-com-arsenal-em-bituruna-e-confessa-comercio-ilegal-de-armas","status":"publish","type":"post","link":"https:\/\/radiostudiow.com.br\/site\/2025\/05\/07\/homem-e-preso-com-arsenal-em-bituruna-e-confessa-comercio-ilegal-de-armas\/","title":{"rendered":"Homem \u00e9 preso com arsenal em Bituruna e confessa com\u00e9rcio ilegal de armas"},"content":{"rendered":"\n<p><\/p>\n\n\n\n<figure class=\"wp-block-image size-full\"><img loading=\"lazy\" decoding=\"async\" width=\"897\" height=\"204\" src=\"https:\/\/radiostudiow.com.br\/site\/wp-content\/uploads\/2025\/03\/image-62.png\" alt=\"\" class=\"wp-image-35859\" srcset=\"https:\/\/radiostudiow.com.br\/site\/wp-content\/uploads\/2025\/03\/image-62.png 897w, https:\/\/radiostudiow.com.br\/site\/wp-content\/uploads\/2025\/03\/image-62-300x68.png 300w, https:\/\/radiostudiow.com.br\/site\/wp-content\/uploads\/2025\/03\/image-62-768x175.png 768w\" sizes=\"auto, (max-width: 897px) 100vw, 897px\" \/><\/figure>\n\n\n\n<p><\/p>\n\n\n\n<p>Um homem foi preso na noite desta ter\u00e7a-feira (06) por porte ilegal de arma de fogo e muni\u00e7\u00e3o no bairro Nossa Senhora Aparecida.<\/p>\n\n\n\n<p>A pris\u00e3o ocorreu por volta das 20h30, ap\u00f3s atitude suspeita observada por uma equipe da Pol\u00edcia Militar durante patrulhamento.<\/p>\n\n\n\n<p>De acordo com o boletim de ocorr\u00eancia, o indiv\u00edduo demonstrou nervosismo ao avistar a viatura e tentou se afastar rapidamente, tentando esconder algo no bolso.<\/p>\n\n\n\n<p>Durante a abordagem, os policiais encontraram um rev\u00f3lver calibre 38 e seis muni\u00e7\u00f5es.<\/p>\n\n\n\n<p><strong>Ao ser questionado, o homem confessou, de forma espont\u00e2nea, que comercializava armas e muni\u00e7\u00f5es. Ele ainda informou que possu\u00eda mais armamento em sua resid\u00eancia. No endere\u00e7o indicado, a equipe apreendeu tr\u00eas espingardas e 123 cartuchos de diversos calibres.<\/strong><\/p>\n\n\n\n<figure class=\"wp-block-image size-full\"><img loading=\"lazy\" decoding=\"async\" width=\"598\" height=\"204\" src=\"https:\/\/radiostudiow.com.br\/site\/wp-content\/uploads\/2024\/10\/labirati.png\" alt=\"\" class=\"wp-image-28854\" srcset=\"https:\/\/radiostudiow.com.br\/site\/wp-content\/uploads\/2024\/10\/labirati.png 598w, https:\/\/radiostudiow.com.br\/site\/wp-content\/uploads\/2024\/10\/labirati-300x102.png 300w\" sizes=\"auto, (max-width: 598px) 100vw, 598px\" \/><\/figure>\n\n\n\n<p><\/p>\n\n\n\n<p>Diante dos fatos, o suspeito recebeu voz de pris\u00e3o e foi encaminhado \u00e0 4\u00aa Subdivis\u00e3o Policial (SDP) para os procedimentos legais.<\/p>\n\n\n\n<p><\/p>\n\n\n\n<p>FONTE: 27\u00ba BPM<\/p>\n","protected":false},"excerpt":{"rendered":"<p>Um homem foi preso na noite desta ter\u00e7a-feira (06) por porte ilegal de arma de fogo e muni\u00e7\u00e3o no bairro Nossa Senhora Aparecida. A pris\u00e3o ocorreu por volta das 20h30, ap\u00f3s atitude suspeita observada por uma equipe da Pol\u00edcia Militar durante patrulhamento. De acordo com o boletim de ocorr\u00eancia, o indiv\u00edduo demonstrou nervosismo ao avistar [&hellip;]<\/p>\n","protected":false},"author":2,"featured_media":37804,"comment_status":"open","ping_status":"open","sticky":false,"template":"","format":"standard","meta":{"footnotes":""},"categories":[185],"tags":[172],"class_list":["post-37803","post","type-post","status-publish","format-standard","has-post-thumbnail","hentry","category-regional","tag-featured"],"amp_enabled":true,"_links":{"self":[{"href":"https:\/\/radiostudiow.com.br\/site\/wp-json\/wp\/v2\/posts\/37803","targetHints":{"allow":["GET"]}}],"collection":[{"href":"https:\/\/radiostudiow.com.br\/site\/wp-json\/wp\/v2\/posts"}],"about":[{"href":"https:\/\/radiostudiow.com.br\/site\/wp-json\/wp\/v2\/types\/post"}],"author":[{"embeddable":true,"href":"https:\/\/radiostudiow.com.br\/site\/wp-json\/wp\/v2\/users\/2"}],"replies":[{"embeddable":true,"href":"https:\/\/radiostudiow.com.br\/site\/wp-json\/wp\/v2\/comments?post=37803"}],"version-history":[{"count":2,"href":"https:\/\/radiostudiow.com.br\/site\/wp-json\/wp\/v2\/posts\/37803\/revisions"}],"predecessor-version":[{"id":37806,"href":"https:\/\/radiostudiow.com.br\/site\/wp-json\/wp\/v2\/posts\/37803\/revisions\/37806"}],"wp:featuredmedia":[{"embeddable":true,"href":"https:\/\/radiostudiow.com.br\/site\/wp-json\/wp\/v2\/media\/37804"}],"wp:attachment":[{"href":"https:\/\/radiostudiow.com.br\/site\/wp-json\/wp\/v2\/media?parent=37803"}],"wp:term":[{"taxonomy":"category","embeddable":true,"href":"https:\/\/radiostudiow.com.br\/site\/wp-json\/wp\/v2\/categories?post=37803"},{"taxonomy":"post_tag","embeddable":true,"href":"https:\/\/radiostudiow.com.br\/site\/wp-json\/wp\/v2\/tags?post=37803"}],"curies":[{"name":"wp","href":"https:\/\/api.w.org\/{rel}","templated":true}]}}