{"id":37812,"date":"2025-05-07T10:41:31","date_gmt":"2025-05-07T13:41:31","guid":{"rendered":"https:\/\/radiostudiow.com.br\/site\/?p=37812"},"modified":"2025-05-07T10:43:33","modified_gmt":"2025-05-07T13:43:33","slug":"acao-conjunta-da-pm-policia-civil-e-adapar-resulta-na-apreensao-de-produtos-controlados-em-sao-joao-do-triunfo","status":"publish","type":"post","link":"https:\/\/radiostudiow.com.br\/site\/2025\/05\/07\/acao-conjunta-da-pm-policia-civil-e-adapar-resulta-na-apreensao-de-produtos-controlados-em-sao-joao-do-triunfo\/","title":{"rendered":"A\u00e7\u00e3o conjunta da PM, Pol\u00edcia Civil e ADAPAR resulta na apreens\u00e3o de produtos controlados em S\u00e3o Jo\u00e3o do Triunfo"},"content":{"rendered":"\n<p><\/p>\n\n\n\n<figure class=\"wp-block-image size-full\"><img decoding=\"async\" src=\"https:\/\/radiostudiow.com.br\/site\/wp-content\/uploads\/2025\/05\/BEAZY.png\" alt=\"\" class=\"wp-image-37707\"\/><\/figure>\n\n\n\n<p><\/p>\n\n\n\n<p>Uma opera\u00e7\u00e3o conjunta entre a Pol\u00edcia Militar, Pol\u00edcia Civil e a Ag\u00eancia de Defesa Agropecu\u00e1ria do Paran\u00e1 (ADAPAR) resultou na apreens\u00e3o de produtos controlados, na manh\u00e3 desta ter\u00e7a-feira (06), em uma empresa localizada \u00e0s margens da rodovia PR-151.<\/p>\n\n\n\n<h2 class=\"wp-block-heading\">A a\u00e7\u00e3o ocorreu por volta das 10h30 e contou com o apoio da equipe da Patrulha Rural da PM, que acompanhou o cumprimento de um mandado de busca e apreens\u00e3o expedido pela Justi\u00e7a.<\/h2>\n\n\n\n<p><\/p>\n\n\n\n<h2 class=\"wp-block-heading\">No local, os fiscais da ADAPAR taram diversas irregularidades administrativas no armazenamento e controle de produtos classificados como controlados, utilizados no setor agropecu\u00e1rio.<\/h2>\n\n\n\n<figure class=\"wp-block-image size-full\"><img loading=\"lazy\" decoding=\"async\" width=\"493\" height=\"383\" src=\"https:\/\/radiostudiow.com.br\/site\/wp-content\/uploads\/2025\/05\/TT.png\" alt=\"\" class=\"wp-image-37815\" srcset=\"https:\/\/radiostudiow.com.br\/site\/wp-content\/uploads\/2025\/05\/TT.png 493w, https:\/\/radiostudiow.com.br\/site\/wp-content\/uploads\/2025\/05\/TT-300x233.png 300w\" sizes=\"auto, (max-width: 493px) 100vw, 493px\" \/><\/figure>\n\n\n\n<p><\/p>\n\n\n\n<figure class=\"wp-block-image size-full\"><img loading=\"lazy\" decoding=\"async\" width=\"897\" height=\"204\" src=\"https:\/\/radiostudiow.com.br\/site\/wp-content\/uploads\/2025\/05\/NUTRI-MALLET.png\" alt=\"\" class=\"wp-image-37813\" srcset=\"https:\/\/radiostudiow.com.br\/site\/wp-content\/uploads\/2025\/05\/NUTRI-MALLET.png 897w, https:\/\/radiostudiow.com.br\/site\/wp-content\/uploads\/2025\/05\/NUTRI-MALLET-300x68.png 300w, https:\/\/radiostudiow.com.br\/site\/wp-content\/uploads\/2025\/05\/NUTRI-MALLET-768x175.png 768w\" sizes=\"auto, (max-width: 897px) 100vw, 897px\" \/><\/figure>\n\n\n\n<p><\/p>\n\n\n\n<p>Diante das constata\u00e7\u00f5es, todo o material irregular foi apreendido pela ADAPAR e encaminhado para a unidade da ag\u00eancia em S\u00e3o Mateus do Sul, onde permanecer\u00e1 sob cust\u00f3dia para avalia\u00e7\u00e3o e posterior destina\u00e7\u00e3o adequada.<\/p>\n\n\n\n<p><\/p>\n\n\n\n<p>FONTE: 27\u00ba BPM<\/p>\n","protected":false},"excerpt":{"rendered":"<p>Uma opera\u00e7\u00e3o conjunta entre a Pol\u00edcia Militar, Pol\u00edcia Civil e a Ag\u00eancia de Defesa Agropecu\u00e1ria do Paran\u00e1 (ADAPAR) resultou na apreens\u00e3o de produtos controlados, na manh\u00e3 desta ter\u00e7a-feira (06), em uma empresa localizada \u00e0s margens da rodovia PR-151. A a\u00e7\u00e3o ocorreu por volta das 10h30 e contou com o apoio da equipe da Patrulha Rural [&hellip;]<\/p>\n","protected":false},"author":2,"featured_media":37814,"comment_status":"open","ping_status":"open","sticky":false,"template":"","format":"standard","meta":{"footnotes":""},"categories":[185],"tags":[172],"class_list":["post-37812","post","type-post","status-publish","format-standard","has-post-thumbnail","hentry","category-regional","tag-featured"],"amp_enabled":true,"_links":{"self":[{"href":"https:\/\/radiostudiow.com.br\/site\/wp-json\/wp\/v2\/posts\/37812","targetHints":{"allow":["GET"]}}],"collection":[{"href":"https:\/\/radiostudiow.com.br\/site\/wp-json\/wp\/v2\/posts"}],"about":[{"href":"https:\/\/radiostudiow.com.br\/site\/wp-json\/wp\/v2\/types\/post"}],"author":[{"embeddable":true,"href":"https:\/\/radiostudiow.com.br\/site\/wp-json\/wp\/v2\/users\/2"}],"replies":[{"embeddable":true,"href":"https:\/\/radiostudiow.com.br\/site\/wp-json\/wp\/v2\/comments?post=37812"}],"version-history":[{"count":2,"href":"https:\/\/radiostudiow.com.br\/site\/wp-json\/wp\/v2\/posts\/37812\/revisions"}],"predecessor-version":[{"id":37817,"href":"https:\/\/radiostudiow.com.br\/site\/wp-json\/wp\/v2\/posts\/37812\/revisions\/37817"}],"wp:featuredmedia":[{"embeddable":true,"href":"https:\/\/radiostudiow.com.br\/site\/wp-json\/wp\/v2\/media\/37814"}],"wp:attachment":[{"href":"https:\/\/radiostudiow.com.br\/site\/wp-json\/wp\/v2\/media?parent=37812"}],"wp:term":[{"taxonomy":"category","embeddable":true,"href":"https:\/\/radiostudiow.com.br\/site\/wp-json\/wp\/v2\/categories?post=37812"},{"taxonomy":"post_tag","embeddable":true,"href":"https:\/\/radiostudiow.com.br\/site\/wp-json\/wp\/v2\/tags?post=37812"}],"curies":[{"name":"wp","href":"https:\/\/api.w.org\/{rel}","templated":true}]}}