{"id":37820,"date":"2025-05-07T16:09:00","date_gmt":"2025-05-07T19:09:00","guid":{"rendered":"https:\/\/radiostudiow.com.br\/site\/?p=37820"},"modified":"2025-05-07T16:09:01","modified_gmt":"2025-05-07T19:09:01","slug":"policia-civil-de-reboucas-prende-suspeito-de-homicidio-culposo","status":"publish","type":"post","link":"https:\/\/radiostudiow.com.br\/site\/2025\/05\/07\/policia-civil-de-reboucas-prende-suspeito-de-homicidio-culposo\/","title":{"rendered":"Pol\u00edcia Civil de Rebou\u00e7as prende suspeito de homic\u00eddio culposo"},"content":{"rendered":"\n<p>A Pol\u00edcia Civil do Paran\u00e1, por meio da Delegacia de Pol\u00edcia de Rebou\u00e7as, cumpriu nesta segunda-feira (06\/05\/2025) o mandado de pris\u00e3o preventiva expedido contra P.M.C., 55 anos, suspeito de ser o autor de um acidente de tr\u00e2nsito que resultou na morte de E.K., de 20 anos.<\/p>\n\n\n\n<p>Conforme informa\u00e7\u00f5es da equipe policial, o cumprimento do mandado judicial ocorreu por volta das 15 horas, quando os agentes da Delegacia de Rebou\u00e7as se deslocaram at\u00e9 a cidade de Irati, em uma rua sem sa\u00edda na Vila S\u00e3o Jo\u00e3o.<\/p>\n\n\n\n<figure class=\"wp-block-image size-full\"><img decoding=\"async\" src=\"https:\/\/radiostudiow.com.br\/site\/wp-content\/uploads\/2025\/05\/EXTREME.png\" alt=\"\" class=\"wp-image-37818\"\/><\/figure>\n\n\n\n<p>No local, ap\u00f3s confirma\u00e7\u00e3o da identidade do suspeito, foi dado voz de pris\u00e3o. P.M.C. foi conduzido \u00e0 Cadeia P\u00fablica de Irati, onde permanece \u00e0 disposi\u00e7\u00e3o da Justi\u00e7a.<\/p>\n\n\n\n<p>Segundo as investiga\u00e7\u00f5es, o acidente ocorreu na BR-153, no km 351, na \u00e1rea rural de Rebou\u00e7as, quando o ve\u00edculo GM\/Corsa conduzido pelo suspeito invadiu a contram\u00e3o durante uma manobra irregular de ultrapassagem em local com sinaliza\u00e7\u00e3o proibindo ultrapassagens.<\/p>\n\n\n\n<p>O condutor colidiu frontalmente com uma motocicleta Honda, pilotada por E.K., que trafegava corretamente em sua faixa de circula\u00e7\u00e3o. Ap\u00f3s o impacto, o suspeito abandonou o ve\u00edculo danificado sobre a via e evadiu-se do local sem prestar socorro \u00e0 v\u00edtima, que faleceu no local devido \u00e0 gravidade dos ferimentos.<\/p>\n\n\n\n<figure class=\"wp-block-image size-full\"><img loading=\"lazy\" decoding=\"async\" width=\"300\" height=\"180\" src=\"https:\/\/radiostudiow.com.br\/site\/wp-content\/uploads\/2025\/04\/gifpequeno.gif\" alt=\"\" class=\"wp-image-37405\"\/><\/figure>\n\n\n\n<p>Testemunhas relataram que o suspeito havia ingerido bebida alco\u00f3lica momentos antes do acidente.<\/p>\n\n\n\n<p>A fam\u00edlia da v\u00edtima procurou a Autoridade Policial em 2024 em busca de justi\u00e7a, tendo ent\u00e3o os policiais iniciado o rastreamento do autor, localizado e preso na data de hoje.<\/p>\n\n\n\n<p>A Pol\u00edcia Civil reafirma o compromisso de servir e proteger e, para isso, conta com o aux\u00edlio da popula\u00e7\u00e3o, que poder\u00e1 entrar em contato pelos n\u00fameros 197 e pelo WhatsApp (42) 3457-1630.<\/p>\n","protected":false},"excerpt":{"rendered":"<p>A Pol\u00edcia Civil do Paran\u00e1, por meio da Delegacia de Pol\u00edcia de Rebou\u00e7as, cumpriu nesta segunda-feira (06\/05\/2025) o mandado de pris\u00e3o preventiva expedido contra P.M.C., 55 anos, suspeito de ser o autor de um acidente de tr\u00e2nsito que resultou na morte de E.K., de 20 anos. Conforme informa\u00e7\u00f5es da equipe policial, o cumprimento do mandado [&hellip;]<\/p>\n","protected":false},"author":2,"featured_media":37821,"comment_status":"open","ping_status":"open","sticky":false,"template":"","format":"standard","meta":{"footnotes":""},"categories":[2],"tags":[172],"class_list":["post-37820","post","type-post","status-publish","format-standard","has-post-thumbnail","hentry","category-policial","tag-featured"],"amp_enabled":true,"_links":{"self":[{"href":"https:\/\/radiostudiow.com.br\/site\/wp-json\/wp\/v2\/posts\/37820","targetHints":{"allow":["GET"]}}],"collection":[{"href":"https:\/\/radiostudiow.com.br\/site\/wp-json\/wp\/v2\/posts"}],"about":[{"href":"https:\/\/radiostudiow.com.br\/site\/wp-json\/wp\/v2\/types\/post"}],"author":[{"embeddable":true,"href":"https:\/\/radiostudiow.com.br\/site\/wp-json\/wp\/v2\/users\/2"}],"replies":[{"embeddable":true,"href":"https:\/\/radiostudiow.com.br\/site\/wp-json\/wp\/v2\/comments?post=37820"}],"version-history":[{"count":1,"href":"https:\/\/radiostudiow.com.br\/site\/wp-json\/wp\/v2\/posts\/37820\/revisions"}],"predecessor-version":[{"id":37822,"href":"https:\/\/radiostudiow.com.br\/site\/wp-json\/wp\/v2\/posts\/37820\/revisions\/37822"}],"wp:featuredmedia":[{"embeddable":true,"href":"https:\/\/radiostudiow.com.br\/site\/wp-json\/wp\/v2\/media\/37821"}],"wp:attachment":[{"href":"https:\/\/radiostudiow.com.br\/site\/wp-json\/wp\/v2\/media?parent=37820"}],"wp:term":[{"taxonomy":"category","embeddable":true,"href":"https:\/\/radiostudiow.com.br\/site\/wp-json\/wp\/v2\/categories?post=37820"},{"taxonomy":"post_tag","embeddable":true,"href":"https:\/\/radiostudiow.com.br\/site\/wp-json\/wp\/v2\/tags?post=37820"}],"curies":[{"name":"wp","href":"https:\/\/api.w.org\/{rel}","templated":true}]}}