{"id":37824,"date":"2025-05-07T17:13:54","date_gmt":"2025-05-07T20:13:54","guid":{"rendered":"https:\/\/radiostudiow.com.br\/site\/?p=37824"},"modified":"2025-05-07T17:13:54","modified_gmt":"2025-05-07T20:13:54","slug":"homem-tem-casa-invadida-e-e-rendido-por-cinco-homens-durante-furto-em-irati","status":"publish","type":"post","link":"https:\/\/radiostudiow.com.br\/site\/2025\/05\/07\/homem-tem-casa-invadida-e-e-rendido-por-cinco-homens-durante-furto-em-irati\/","title":{"rendered":"Homem tem casa invadida e \u00e9 rendido por cinco homens durante furto em Irati"},"content":{"rendered":"\n<p>A Pol\u00edcia Militar de Irati atendeu uma ocorr\u00eancia de roubo registrada na localidade de Cerro Azul na manh\u00e3 desta ter\u00e7a-feira (06).<\/p>\n\n\n\n<p>A equipe foi acionada via COPOM ap\u00f3s receber a localiza\u00e7\u00e3o do fato por mensagem de WhatsApp e se deslocou imediatamente ao endere\u00e7o informado.<\/p>\n\n\n\n<p>No local, a v\u00edtima relatou que, por volta das 4h30 da madrugada, foi surpreendida por cinco indiv\u00edduos que invadiram sua resid\u00eancia. Os suspeitos o empurraram, danificaram seu aparelho celular e subtra\u00edram diversas facas, sem que fosse poss\u00edvel especificar a quantidade levada.<\/p>\n\n\n\n<figure class=\"wp-block-image size-full\"><img loading=\"lazy\" decoding=\"async\" width=\"598\" height=\"204\" src=\"https:\/\/radiostudiow.com.br\/site\/wp-content\/uploads\/2025\/01\/SITE-MEDIO3.png\" alt=\"\" class=\"wp-image-32815\" srcset=\"https:\/\/radiostudiow.com.br\/site\/wp-content\/uploads\/2025\/01\/SITE-MEDIO3.png 598w, https:\/\/radiostudiow.com.br\/site\/wp-content\/uploads\/2025\/01\/SITE-MEDIO3-300x102.png 300w\" sizes=\"auto, (max-width: 598px) 100vw, 598px\" \/><\/figure>\n\n\n\n<p>A v\u00edtima apresentava les\u00f5es leves no rosto e no ombro e informou que, devido \u00e0 escurid\u00e3o, n\u00e3o conseguiu identificar os autores nem o ve\u00edculo utilizado na fuga.<\/p>\n\n\n\n<p>Segundo o relato, ao deixarem o local, um dos suspeitos efetuou um disparo de arma de fogo para o alto, n\u00e3o sendo poss\u00edvel determinar se a arma utilizada era um rev\u00f3lver ou uma pistola.<\/p>\n\n\n\n<p>O homem afirmou que procuraria atendimento m\u00e9dico posteriormente para a confec\u00e7\u00e3o do laudo de les\u00f5es. A equipe policial realizou dilig\u00eancias nas proximidades, mas at\u00e9 o momento os suspeitos n\u00e3o foram localizados. A v\u00edtima foi orientada quanto aos procedimentos cab\u00edveis.<\/p>\n","protected":false},"excerpt":{"rendered":"<p>A Pol\u00edcia Militar de Irati atendeu uma ocorr\u00eancia de roubo registrada na localidade de Cerro Azul na manh\u00e3 desta ter\u00e7a-feira (06). A equipe foi acionada via COPOM ap\u00f3s receber a localiza\u00e7\u00e3o do fato por mensagem de WhatsApp e se deslocou imediatamente ao endere\u00e7o informado. No local, a v\u00edtima relatou que, por volta das 4h30 da [&hellip;]<\/p>\n","protected":false},"author":2,"featured_media":32720,"comment_status":"open","ping_status":"open","sticky":false,"template":"","format":"standard","meta":{"footnotes":""},"categories":[2],"tags":[172],"class_list":["post-37824","post","type-post","status-publish","format-standard","has-post-thumbnail","hentry","category-policial","tag-featured"],"amp_enabled":true,"_links":{"self":[{"href":"https:\/\/radiostudiow.com.br\/site\/wp-json\/wp\/v2\/posts\/37824","targetHints":{"allow":["GET"]}}],"collection":[{"href":"https:\/\/radiostudiow.com.br\/site\/wp-json\/wp\/v2\/posts"}],"about":[{"href":"https:\/\/radiostudiow.com.br\/site\/wp-json\/wp\/v2\/types\/post"}],"author":[{"embeddable":true,"href":"https:\/\/radiostudiow.com.br\/site\/wp-json\/wp\/v2\/users\/2"}],"replies":[{"embeddable":true,"href":"https:\/\/radiostudiow.com.br\/site\/wp-json\/wp\/v2\/comments?post=37824"}],"version-history":[{"count":1,"href":"https:\/\/radiostudiow.com.br\/site\/wp-json\/wp\/v2\/posts\/37824\/revisions"}],"predecessor-version":[{"id":37825,"href":"https:\/\/radiostudiow.com.br\/site\/wp-json\/wp\/v2\/posts\/37824\/revisions\/37825"}],"wp:featuredmedia":[{"embeddable":true,"href":"https:\/\/radiostudiow.com.br\/site\/wp-json\/wp\/v2\/media\/32720"}],"wp:attachment":[{"href":"https:\/\/radiostudiow.com.br\/site\/wp-json\/wp\/v2\/media?parent=37824"}],"wp:term":[{"taxonomy":"category","embeddable":true,"href":"https:\/\/radiostudiow.com.br\/site\/wp-json\/wp\/v2\/categories?post=37824"},{"taxonomy":"post_tag","embeddable":true,"href":"https:\/\/radiostudiow.com.br\/site\/wp-json\/wp\/v2\/tags?post=37824"}],"curies":[{"name":"wp","href":"https:\/\/api.w.org\/{rel}","templated":true}]}}