{"id":37831,"date":"2025-05-08T18:48:31","date_gmt":"2025-05-08T21:48:31","guid":{"rendered":"https:\/\/radiostudiow.com.br\/site\/?p=37831"},"modified":"2025-05-08T19:00:47","modified_gmt":"2025-05-08T22:00:47","slug":"__trashed-5","status":"publish","type":"post","link":"https:\/\/radiostudiow.com.br\/site\/2025\/05\/08\/__trashed-5\/","title":{"rendered":"Pol\u00edcia Militar de General Carneiro prende homem por tr\u00e1fico de drogas"},"content":{"rendered":"\n<figure class=\"wp-block-image size-full\"><img loading=\"lazy\" decoding=\"async\" width=\"897\" height=\"204\" src=\"https:\/\/radiostudiow.com.br\/site\/wp-content\/uploads\/2025\/01\/SITE-GRANDE.png\" alt=\"\" class=\"wp-image-32809\" srcset=\"https:\/\/radiostudiow.com.br\/site\/wp-content\/uploads\/2025\/01\/SITE-GRANDE.png 897w, https:\/\/radiostudiow.com.br\/site\/wp-content\/uploads\/2025\/01\/SITE-GRANDE-300x68.png 300w, https:\/\/radiostudiow.com.br\/site\/wp-content\/uploads\/2025\/01\/SITE-GRANDE-768x175.png 768w\" sizes=\"auto, (max-width: 897px) 100vw, 897px\" \/><\/figure>\n\n\n\n<p>A equipe da Pol\u00edcia Militar de General Carneiro recebeu uma den\u00fancia an\u00f4nima sobre tr\u00e1fico de drogas em uma resid\u00eancia no bairro C\u00e9u Azul por volta das 10h30min dessa quarta-feira (08).<\/p>\n\n\n\n<p>Durante patrulhamento na regi\u00e3o, os policiais flagraram dois homens e um deles entregava um objeto ao outro. Na tentativa da abordagem, um deles correu para dentro da casa e jogou um frasco branco, enquanto o outro tentou fugir.<\/p>\n\n\n\n<figure class=\"wp-block-image size-full\"><img loading=\"lazy\" decoding=\"async\" width=\"598\" height=\"204\" src=\"https:\/\/radiostudiow.com.br\/site\/wp-content\/uploads\/2025\/01\/SITE-MEDIO.png\" alt=\"\" class=\"wp-image-32810\" srcset=\"https:\/\/radiostudiow.com.br\/site\/wp-content\/uploads\/2025\/01\/SITE-MEDIO.png 598w, https:\/\/radiostudiow.com.br\/site\/wp-content\/uploads\/2025\/01\/SITE-MEDIO-300x102.png 300w\" sizes=\"auto, (max-width: 598px) 100vw, 598px\" \/><\/figure>\n\n\n\n<p>Com um dos abordados foi encontrada uma pedra de substancia an\u00e1loga a crack pronta para uso. J\u00e1 o frasco jogado continha v\u00e1rias por\u00e7\u00f5es da mesma droga, totalizando quase 11 gramas. Dentro da resid\u00eancia tamb\u00e9m foram localizados materiais usados para embalar entorpecentes.<\/p>\n\n\n\n<p>Diante da situa\u00e7\u00e3o um dos abordados foi encaminhado entregue por tr\u00e1fico de drogas \u00e0 Delegacia para os procedimentos legais.<\/p>\n","protected":false},"excerpt":{"rendered":"<p>A equipe da Pol\u00edcia Militar de General Carneiro recebeu uma den\u00fancia an\u00f4nima sobre tr\u00e1fico de drogas em uma resid\u00eancia no bairro C\u00e9u Azul por volta das 10h30min dessa quarta-feira (08). Durante patrulhamento na regi\u00e3o, os policiais flagraram dois homens e um deles entregava um objeto ao outro. Na tentativa da abordagem, um deles correu para [&hellip;]<\/p>\n","protected":false},"author":2,"featured_media":37888,"comment_status":"open","ping_status":"open","sticky":false,"template":"","format":"standard","meta":{"footnotes":""},"categories":[2],"tags":[172],"class_list":["post-37831","post","type-post","status-publish","format-standard","has-post-thumbnail","hentry","category-policial","tag-featured"],"amp_enabled":true,"_links":{"self":[{"href":"https:\/\/radiostudiow.com.br\/site\/wp-json\/wp\/v2\/posts\/37831","targetHints":{"allow":["GET"]}}],"collection":[{"href":"https:\/\/radiostudiow.com.br\/site\/wp-json\/wp\/v2\/posts"}],"about":[{"href":"https:\/\/radiostudiow.com.br\/site\/wp-json\/wp\/v2\/types\/post"}],"author":[{"embeddable":true,"href":"https:\/\/radiostudiow.com.br\/site\/wp-json\/wp\/v2\/users\/2"}],"replies":[{"embeddable":true,"href":"https:\/\/radiostudiow.com.br\/site\/wp-json\/wp\/v2\/comments?post=37831"}],"version-history":[{"count":3,"href":"https:\/\/radiostudiow.com.br\/site\/wp-json\/wp\/v2\/posts\/37831\/revisions"}],"predecessor-version":[{"id":37889,"href":"https:\/\/radiostudiow.com.br\/site\/wp-json\/wp\/v2\/posts\/37831\/revisions\/37889"}],"wp:featuredmedia":[{"embeddable":true,"href":"https:\/\/radiostudiow.com.br\/site\/wp-json\/wp\/v2\/media\/37888"}],"wp:attachment":[{"href":"https:\/\/radiostudiow.com.br\/site\/wp-json\/wp\/v2\/media?parent=37831"}],"wp:term":[{"taxonomy":"category","embeddable":true,"href":"https:\/\/radiostudiow.com.br\/site\/wp-json\/wp\/v2\/categories?post=37831"},{"taxonomy":"post_tag","embeddable":true,"href":"https:\/\/radiostudiow.com.br\/site\/wp-json\/wp\/v2\/tags?post=37831"}],"curies":[{"name":"wp","href":"https:\/\/api.w.org\/{rel}","templated":true}]}}