{"id":37840,"date":"2025-05-08T11:09:56","date_gmt":"2025-05-08T14:09:56","guid":{"rendered":"https:\/\/radiostudiow.com.br\/site\/?p=37840"},"modified":"2025-05-08T11:09:57","modified_gmt":"2025-05-08T14:09:57","slug":"policia-prende-suspeito-de-coordenar-o-crime-de-latrocinio-que-resultou-na-morte-de-idoso-em-prudentopolis","status":"publish","type":"post","link":"https:\/\/radiostudiow.com.br\/site\/2025\/05\/08\/policia-prende-suspeito-de-coordenar-o-crime-de-latrocinio-que-resultou-na-morte-de-idoso-em-prudentopolis\/","title":{"rendered":"POL\u00cdCIA PRENDE SUSPEITO DE COORDENAR O CRIME DE LATROC\u00cdNIO QUE RESULTOU NA MORTE DE IDOSO EM PRUDENT\u00d3POLIS"},"content":{"rendered":"\n<p><\/p>\n\n\n\n<figure class=\"wp-block-image size-full\"><img loading=\"lazy\" decoding=\"async\" width=\"897\" height=\"204\" src=\"https:\/\/radiostudiow.com.br\/site\/wp-content\/uploads\/2025\/02\/SITE-GRANDE7.png\" alt=\"\" class=\"wp-image-33861\" srcset=\"https:\/\/radiostudiow.com.br\/site\/wp-content\/uploads\/2025\/02\/SITE-GRANDE7.png 897w, https:\/\/radiostudiow.com.br\/site\/wp-content\/uploads\/2025\/02\/SITE-GRANDE7-300x68.png 300w, https:\/\/radiostudiow.com.br\/site\/wp-content\/uploads\/2025\/02\/SITE-GRANDE7-768x175.png 768w\" sizes=\"auto, (max-width: 897px) 100vw, 897px\" \/><\/figure>\n\n\n\n<p><\/p>\n\n\n\n<p><strong>No dia seguinte, um dos ve\u00edculos foi recuperado no munic\u00edpio de Ponta Grossa\/PR, e o corpo da v\u00edtima foi encontrado na segunda-feira, dia 19 de agosto de 2024, envolto por cobertores, em uma \u00e1rea rural do munic\u00edpio de Imbituva.<\/strong><\/p>\n\n\n\n<p>Nesta ter\u00e7a-feira (06), policiais da Delegacia de Pol\u00edcia Civil de Prudent\u00f3polis deram cumprimento a um mandado de busca e apreens\u00e3o e a um mandado de pris\u00e3o preventiva em desfavor de um homem de 34 anos, suspeito de ter participado do crime de latroc\u00ednio que vitimou o senhor Afonso Micalichechen, de 75 anos.<\/p>\n\n\n\n<figure class=\"wp-block-image size-full\"><img loading=\"lazy\" decoding=\"async\" width=\"598\" height=\"204\" src=\"https:\/\/radiostudiow.com.br\/site\/wp-content\/uploads\/2025\/01\/SITE-MEDIO7.png\" alt=\"\" class=\"wp-image-32801\" srcset=\"https:\/\/radiostudiow.com.br\/site\/wp-content\/uploads\/2025\/01\/SITE-MEDIO7.png 598w, https:\/\/radiostudiow.com.br\/site\/wp-content\/uploads\/2025\/01\/SITE-MEDIO7-300x102.png 300w\" sizes=\"auto, (max-width: 598px) 100vw, 598px\" \/><\/figure>\n\n\n\n<p><\/p>\n\n\n\n<p>O crime ocorreu no dia 15 de agosto de2024, quando criminosos invadiram a resid\u00eancia da v\u00edtima, situada no interior do munic\u00edpio de Prudent\u00f3polis, e subtra\u00edram dois autom\u00f3veis do local, al\u00e9m de outros objetos pessoais.<\/p>\n\n\n\n<p>As investiga\u00e7\u00f5es indicam que suspeito preso nesta ter\u00e7a-feira seria o respons\u00e1vel por coordenar a pr\u00e1tica do crime e efetuar a venda dos ve\u00edculos no mercado ilegal.<\/p>\n\n\n\n<p>Em raz\u00e3o disso, poder\u00e1 responder pelo crime de latroc\u00ednio (roubo com resultado morte), o qual possui a pena de at\u00e9 30 anos de reclus\u00e3o.<\/p>\n\n\n\n<h2 class=\"wp-block-heading\">Informa\u00e7\u00f5es e Imagem Pol\u00edcia Civil de Prudent\u00f3polis<\/h2>\n\n\n\n<h2 class=\"wp-block-heading\">Colabora\u00e7\u00e3o Rep\u00f3rter Kiko de Oliveira<\/h2>\n","protected":false},"excerpt":{"rendered":"<p>No dia seguinte, um dos ve\u00edculos foi recuperado no munic\u00edpio de Ponta Grossa\/PR, e o corpo da v\u00edtima foi encontrado na segunda-feira, dia 19 de agosto de 2024, envolto por cobertores, em uma \u00e1rea rural do munic\u00edpio de Imbituva. Nesta ter\u00e7a-feira (06), policiais da Delegacia de Pol\u00edcia Civil de Prudent\u00f3polis deram cumprimento a um mandado [&hellip;]<\/p>\n","protected":false},"author":2,"featured_media":37841,"comment_status":"open","ping_status":"open","sticky":false,"template":"","format":"standard","meta":{"footnotes":""},"categories":[185],"tags":[172],"class_list":["post-37840","post","type-post","status-publish","format-standard","has-post-thumbnail","hentry","category-regional","tag-featured"],"amp_enabled":true,"_links":{"self":[{"href":"https:\/\/radiostudiow.com.br\/site\/wp-json\/wp\/v2\/posts\/37840","targetHints":{"allow":["GET"]}}],"collection":[{"href":"https:\/\/radiostudiow.com.br\/site\/wp-json\/wp\/v2\/posts"}],"about":[{"href":"https:\/\/radiostudiow.com.br\/site\/wp-json\/wp\/v2\/types\/post"}],"author":[{"embeddable":true,"href":"https:\/\/radiostudiow.com.br\/site\/wp-json\/wp\/v2\/users\/2"}],"replies":[{"embeddable":true,"href":"https:\/\/radiostudiow.com.br\/site\/wp-json\/wp\/v2\/comments?post=37840"}],"version-history":[{"count":1,"href":"https:\/\/radiostudiow.com.br\/site\/wp-json\/wp\/v2\/posts\/37840\/revisions"}],"predecessor-version":[{"id":37842,"href":"https:\/\/radiostudiow.com.br\/site\/wp-json\/wp\/v2\/posts\/37840\/revisions\/37842"}],"wp:featuredmedia":[{"embeddable":true,"href":"https:\/\/radiostudiow.com.br\/site\/wp-json\/wp\/v2\/media\/37841"}],"wp:attachment":[{"href":"https:\/\/radiostudiow.com.br\/site\/wp-json\/wp\/v2\/media?parent=37840"}],"wp:term":[{"taxonomy":"category","embeddable":true,"href":"https:\/\/radiostudiow.com.br\/site\/wp-json\/wp\/v2\/categories?post=37840"},{"taxonomy":"post_tag","embeddable":true,"href":"https:\/\/radiostudiow.com.br\/site\/wp-json\/wp\/v2\/tags?post=37840"}],"curies":[{"name":"wp","href":"https:\/\/api.w.org\/{rel}","templated":true}]}}