{"id":37843,"date":"2025-05-08T11:20:11","date_gmt":"2025-05-08T14:20:11","guid":{"rendered":"https:\/\/radiostudiow.com.br\/site\/?p=37843"},"modified":"2025-05-08T11:20:12","modified_gmt":"2025-05-08T14:20:12","slug":"prf-apreende-cerca-de-113-quilos-de-maconha-na-br-277-municipio-de-guarapuava","status":"publish","type":"post","link":"https:\/\/radiostudiow.com.br\/site\/2025\/05\/08\/prf-apreende-cerca-de-113-quilos-de-maconha-na-br-277-municipio-de-guarapuava\/","title":{"rendered":"PRF apreende cerca de 113 quilos de maconha na BR-277, munic\u00edpio de Guarapuava"},"content":{"rendered":"\n<p><\/p>\n\n\n\n<figure class=\"wp-block-image size-full\"><img loading=\"lazy\" decoding=\"async\" width=\"897\" height=\"204\" src=\"https:\/\/radiostudiow.com.br\/site\/wp-content\/uploads\/2025\/03\/BARAO-NOVO-NOTICIAS-1.jpg\" alt=\"\" class=\"wp-image-35084\" srcset=\"https:\/\/radiostudiow.com.br\/site\/wp-content\/uploads\/2025\/03\/BARAO-NOVO-NOTICIAS-1.jpg 897w, https:\/\/radiostudiow.com.br\/site\/wp-content\/uploads\/2025\/03\/BARAO-NOVO-NOTICIAS-1-300x68.jpg 300w, https:\/\/radiostudiow.com.br\/site\/wp-content\/uploads\/2025\/03\/BARAO-NOVO-NOTICIAS-1-768x175.jpg 768w\" sizes=\"auto, (max-width: 897px) 100vw, 897px\" \/><\/figure>\n\n\n\n<p><strong>Condutor de 22 anos foi\u00a0 preso pelo crime de tr\u00e1fico de drogas pelo grupo de patrulhamento t\u00e1tico da PRF de Guarapuava<\/strong><\/p>\n\n\n\n<p>A Pol\u00edcia Rodovi\u00e1ria Federal (PRF) apreendeu cerca de 113 quilos de maconha no in\u00edcio da noite desta quarta-feira (07), por volta das 18 horas, nas imedia\u00e7\u00f5es do Distrito do Guar\u00e1, em Guarapuava\/PR.<\/p>\n\n\n\n<p>Os policiais deram ordem de abordagem para o condutor do ve\u00edculo Celta de cor branca e emplacamento de Isara (SC).<\/p>\n\n\n\n<p>Durante a fiscaliza\u00e7\u00e3o do ve\u00edculo, foram encontrados tabletes de maconha dispostos no porta malas, posteriormente feita a pesagem de 113,8 quilos da droga.<\/p>\n\n\n\n<figure class=\"wp-block-image size-full is-resized\"><img loading=\"lazy\" decoding=\"async\" width=\"300\" height=\"180\" src=\"https:\/\/radiostudiow.com.br\/site\/wp-content\/uploads\/2025\/04\/AGRODU.png\" alt=\"\" class=\"wp-image-37219\" style=\"width:382px;height:auto\"\/><\/figure>\n\n\n\n<p><\/p>\n\n\n\n<p>O motorista informou que havia pegado o ve\u00edculo, com a droga, em Foz do Igua\u00e7u (PR) e levaria at\u00e9 Jaguaria\u00edva (PR).<\/p>\n\n\n\n<p>Diante dos fatos, o envolvido, juntamente com o ve\u00edculo e a carga, foi encaminhado \u00e0 Delegacia de Pol\u00edcia Civil de Guarapuava (PR).<\/p>\n\n\n\n<h2 class=\"wp-block-heading\">Informa\u00e7\u00f5es: Rep\u00f3rter Kiko de Oliveira<\/h2>\n\n\n\n<p><\/p>\n","protected":false},"excerpt":{"rendered":"<p>Condutor de 22 anos foi\u00a0 preso pelo crime de tr\u00e1fico de drogas pelo grupo de patrulhamento t\u00e1tico da PRF de Guarapuava A Pol\u00edcia Rodovi\u00e1ria Federal (PRF) apreendeu cerca de 113 quilos de maconha no in\u00edcio da noite desta quarta-feira (07), por volta das 18 horas, nas imedia\u00e7\u00f5es do Distrito do Guar\u00e1, em Guarapuava\/PR. Os policiais [&hellip;]<\/p>\n","protected":false},"author":2,"featured_media":37844,"comment_status":"open","ping_status":"open","sticky":false,"template":"","format":"standard","meta":{"footnotes":""},"categories":[7],"tags":[172],"class_list":["post-37843","post","type-post","status-publish","format-standard","has-post-thumbnail","hentry","category-geral","tag-featured"],"amp_enabled":true,"_links":{"self":[{"href":"https:\/\/radiostudiow.com.br\/site\/wp-json\/wp\/v2\/posts\/37843","targetHints":{"allow":["GET"]}}],"collection":[{"href":"https:\/\/radiostudiow.com.br\/site\/wp-json\/wp\/v2\/posts"}],"about":[{"href":"https:\/\/radiostudiow.com.br\/site\/wp-json\/wp\/v2\/types\/post"}],"author":[{"embeddable":true,"href":"https:\/\/radiostudiow.com.br\/site\/wp-json\/wp\/v2\/users\/2"}],"replies":[{"embeddable":true,"href":"https:\/\/radiostudiow.com.br\/site\/wp-json\/wp\/v2\/comments?post=37843"}],"version-history":[{"count":1,"href":"https:\/\/radiostudiow.com.br\/site\/wp-json\/wp\/v2\/posts\/37843\/revisions"}],"predecessor-version":[{"id":37845,"href":"https:\/\/radiostudiow.com.br\/site\/wp-json\/wp\/v2\/posts\/37843\/revisions\/37845"}],"wp:featuredmedia":[{"embeddable":true,"href":"https:\/\/radiostudiow.com.br\/site\/wp-json\/wp\/v2\/media\/37844"}],"wp:attachment":[{"href":"https:\/\/radiostudiow.com.br\/site\/wp-json\/wp\/v2\/media?parent=37843"}],"wp:term":[{"taxonomy":"category","embeddable":true,"href":"https:\/\/radiostudiow.com.br\/site\/wp-json\/wp\/v2\/categories?post=37843"},{"taxonomy":"post_tag","embeddable":true,"href":"https:\/\/radiostudiow.com.br\/site\/wp-json\/wp\/v2\/tags?post=37843"}],"curies":[{"name":"wp","href":"https:\/\/api.w.org\/{rel}","templated":true}]}}