{"id":37849,"date":"2025-05-08T11:52:07","date_gmt":"2025-05-08T14:52:07","guid":{"rendered":"https:\/\/radiostudiow.com.br\/site\/?p=37849"},"modified":"2025-05-08T11:52:07","modified_gmt":"2025-05-08T14:52:07","slug":"policia-civil-prende-suspeito-por-apologia-ao-nazismo-e-planejamento-de-acao-violenta-em-ponta-grossa","status":"publish","type":"post","link":"https:\/\/radiostudiow.com.br\/site\/2025\/05\/08\/policia-civil-prende-suspeito-por-apologia-ao-nazismo-e-planejamento-de-acao-violenta-em-ponta-grossa\/","title":{"rendered":"POL\u00cdCIA CIVIL PRENDE SUSPEITO POR APOLOGIA AO NAZISMO E PLANEJAMENTO DE A\u00c7\u00c3O VIOLENTA EM PONTA GROSSA"},"content":{"rendered":"\n<p><\/p>\n\n\n\n<figure class=\"wp-block-image size-full\"><img loading=\"lazy\" decoding=\"async\" width=\"897\" height=\"204\" src=\"https:\/\/radiostudiow.com.br\/site\/wp-content\/uploads\/2024\/01\/SITE-GRANDE3.png\" alt=\"zaions\" class=\"wp-image-18936\" srcset=\"https:\/\/radiostudiow.com.br\/site\/wp-content\/uploads\/2024\/01\/SITE-GRANDE3.png 897w, https:\/\/radiostudiow.com.br\/site\/wp-content\/uploads\/2024\/01\/SITE-GRANDE3-300x68.png 300w, https:\/\/radiostudiow.com.br\/site\/wp-content\/uploads\/2024\/01\/SITE-GRANDE3-768x175.png 768w\" sizes=\"auto, (max-width: 897px) 100vw, 897px\" \/><\/figure>\n\n\n\n<p><\/p>\n\n\n\n<p>A Pol\u00edcia Civil do Estado do Paran\u00e1, por meio do 02\u00ba Distrito Policial de Ponta Grossa, informa que na data de hoje (08\/05\/2025) foram cumpridos mandados de busca e apreens\u00e3o em dois endere\u00e7os no bairro Uvaranas, em Ponta Grossa-PR.<\/p>\n\n\n\n<p>A opera\u00e7\u00e3o resultou na pris\u00e3o em flagrante de um jovem de 21 (vinte e um) anos de idade pelo crime de apologia ao nazismo, previsto na Lei n\u00ba 7.716\/89, com pena de at\u00e9 5 (cinco) anos de reclus\u00e3o, bem como pelo crime de posse irregular de muni\u00e7\u00e3o, previsto na Lei n\u00ba 10.826\/03, com pena de at\u00e9 3 (tr\u00eas) anos de deten\u00e7\u00e3o. O material apreendido evidencia a expl\u00edcita promo\u00e7\u00e3o de ideologia nazista e culto a figuras como Adolf Hitler, al\u00e9m de admira\u00e7\u00e3o por autores de atentados em massa, configurando grave viola\u00e7\u00e3o \u00e0 legisla\u00e7\u00e3o brasileira que criminaliza a divulga\u00e7\u00e3o do nazismo.<\/p>\n\n\n\n<figure class=\"wp-block-image size-large\"><img loading=\"lazy\" decoding=\"async\" width=\"943\" height=\"1024\" src=\"https:\/\/radiostudiow.com.br\/site\/wp-content\/uploads\/2025\/05\/143cf785-e7cd-4c9c-a4ac-3e1528f0a829-943x1024.jpg\" alt=\"\" class=\"wp-image-37850\" srcset=\"https:\/\/radiostudiow.com.br\/site\/wp-content\/uploads\/2025\/05\/143cf785-e7cd-4c9c-a4ac-3e1528f0a829-943x1024.jpg 943w, https:\/\/radiostudiow.com.br\/site\/wp-content\/uploads\/2025\/05\/143cf785-e7cd-4c9c-a4ac-3e1528f0a829-276x300.jpg 276w, https:\/\/radiostudiow.com.br\/site\/wp-content\/uploads\/2025\/05\/143cf785-e7cd-4c9c-a4ac-3e1528f0a829-768x834.jpg 768w, https:\/\/radiostudiow.com.br\/site\/wp-content\/uploads\/2025\/05\/143cf785-e7cd-4c9c-a4ac-3e1528f0a829.jpg 1053w\" sizes=\"auto, (max-width: 943px) 100vw, 943px\" \/><\/figure>\n\n\n\n<figure class=\"wp-block-image size-full\"><img loading=\"lazy\" decoding=\"async\" width=\"897\" height=\"204\" src=\"https:\/\/radiostudiow.com.br\/site\/wp-content\/uploads\/2025\/03\/image-62.png\" alt=\"\" class=\"wp-image-35859\" srcset=\"https:\/\/radiostudiow.com.br\/site\/wp-content\/uploads\/2025\/03\/image-62.png 897w, https:\/\/radiostudiow.com.br\/site\/wp-content\/uploads\/2025\/03\/image-62-300x68.png 300w, https:\/\/radiostudiow.com.br\/site\/wp-content\/uploads\/2025\/03\/image-62-768x175.png 768w\" sizes=\"auto, (max-width: 897px) 100vw, 897px\" \/><\/figure>\n\n\n\n<p><\/p>\n\n\n\n<h2 class=\"wp-block-heading\">Durante o cumprimento dos mandados, foram apreendidos:<\/h2>\n\n\n\n<p>&nbsp;&nbsp;&nbsp; \u2022 Diversos itens relacionados a ideologias nazistas, incluindo bandeiras e desenhos<\/p>\n\n\n\n<p>&nbsp;&nbsp;&nbsp; \u2022 2 armas de airsoft<\/p>\n\n\n\n<p>&nbsp;&nbsp;&nbsp; \u2022 M\u00faltiplas facas<\/p>\n\n\n\n<p>&nbsp;&nbsp;&nbsp; \u2022 2 coletes bal\u00edsticos<\/p>\n\n\n\n<p>&nbsp;&nbsp;&nbsp; \u2022 Muni\u00e7\u00f5es<\/p>\n\n\n\n<p>&nbsp;&nbsp;&nbsp; \u2022 Material fotogr\u00e1fico com imagens de Adolf Hitler<\/p>\n\n\n\n<p>&nbsp;&nbsp;&nbsp; \u2022 Equipamentos eletr\u00f4nicos diversos<\/p>\n\n\n\n<p>A investiga\u00e7\u00e3o teve in\u00edcio ap\u00f3s o trabalho conjunto do&nbsp; 02\u00ba Distrito Policial de Ponta Grossa,&nbsp; do N\u00facleo de Combate aos Cibercrimes (NUCIBER) e de unidades de intelig\u00eancia da Pol\u00edcia Civil, que identificaram e monitoraram publica\u00e7\u00f5es de extrema gravidade em plataformas digitais. Nas postagens, o suspeito utilizava s\u00edmbolos nazistas, exaltava autores de atentados terroristas internacionais como &#8220;santos&#8221;, mencionava possuir armas de fogo e indicava claramente estar em fase avan\u00e7ada de planejamento de um ataque em massa.<\/p>\n\n\n\n<p><\/p>\n\n\n\n<figure class=\"wp-block-image size-full\"><img loading=\"lazy\" decoding=\"async\" width=\"897\" height=\"204\" src=\"https:\/\/radiostudiow.com.br\/site\/wp-content\/uploads\/2025\/05\/NUTRI-MALLET.png\" alt=\"\" class=\"wp-image-37813\" srcset=\"https:\/\/radiostudiow.com.br\/site\/wp-content\/uploads\/2025\/05\/NUTRI-MALLET.png 897w, https:\/\/radiostudiow.com.br\/site\/wp-content\/uploads\/2025\/05\/NUTRI-MALLET-300x68.png 300w, https:\/\/radiostudiow.com.br\/site\/wp-content\/uploads\/2025\/05\/NUTRI-MALLET-768x175.png 768w\" sizes=\"auto, (max-width: 897px) 100vw, 897px\" \/><\/figure>\n\n\n\n<p><\/p>\n\n\n\n<p>Os investigadores identificaram que o suspeito havia adquirido equipamentos semelhantes aos utilizados pelo terrorista da Nova Zel\u00e2ndia, incluindo uma c\u00e2mera GoPro que seria utilizada para transmiss\u00e3o do ataque ao vivo. Em publica\u00e7\u00e3o recente o indiv\u00edduo fez men\u00e7\u00e3o ao seu pr\u00f3prio suic\u00eddio, padr\u00e3o comportamental t\u00edpico de autores de atentados em massa, o que elevou o n\u00edvel de alerta das autoridades quanto \u00e0 imin\u00eancia da a\u00e7\u00e3o.<\/p>\n\n\n\n<p>O preso foi encaminhado \u00e0 cadeia p\u00fablica local, onde permanece \u00e0 disposi\u00e7\u00e3o do Poder Judici\u00e1rio. A Pol\u00edcia Civil segue com as investiga\u00e7\u00f5es para apurar a poss\u00edvel participa\u00e7\u00e3o de outras pessoas e o real alcance dos planos do suspeito.<\/p>\n\n\n\n<p>O Departamento de Pol\u00edcia Civil do Paran\u00e1 reafirma seu compromisso com a seguran\u00e7a da popula\u00e7\u00e3o e destaca a import\u00e2ncia da atua\u00e7\u00e3o preventiva e da intelig\u00eancia policial para identificar amea\u00e7as e evitar trag\u00e9dias. A opera\u00e7\u00e3o realizada hoje demonstra a efic\u00e1cia do monitoramento de atividades extremistas em ambientes digitais e a r\u00e1pida resposta das autoridades frente a amea\u00e7as reais.<\/p>\n\n\n\n<p><\/p>\n\n\n\n<p>INFORMA\u00c7\u00d5ES: REP\u00d3RTER KIKO DE OLIVEIRA<\/p>\n","protected":false},"excerpt":{"rendered":"<p>A Pol\u00edcia Civil do Estado do Paran\u00e1, por meio do 02\u00ba Distrito Policial de Ponta Grossa, informa que na data de hoje (08\/05\/2025) foram cumpridos mandados de busca e apreens\u00e3o em dois endere\u00e7os no bairro Uvaranas, em Ponta Grossa-PR. A opera\u00e7\u00e3o resultou na pris\u00e3o em flagrante de um jovem de 21 (vinte e um) anos [&hellip;]<\/p>\n","protected":false},"author":2,"featured_media":37851,"comment_status":"open","ping_status":"open","sticky":false,"template":"","format":"standard","meta":{"footnotes":""},"categories":[184],"tags":[172],"class_list":["post-37849","post","type-post","status-publish","format-standard","has-post-thumbnail","hentry","category-local","tag-featured"],"amp_enabled":true,"_links":{"self":[{"href":"https:\/\/radiostudiow.com.br\/site\/wp-json\/wp\/v2\/posts\/37849","targetHints":{"allow":["GET"]}}],"collection":[{"href":"https:\/\/radiostudiow.com.br\/site\/wp-json\/wp\/v2\/posts"}],"about":[{"href":"https:\/\/radiostudiow.com.br\/site\/wp-json\/wp\/v2\/types\/post"}],"author":[{"embeddable":true,"href":"https:\/\/radiostudiow.com.br\/site\/wp-json\/wp\/v2\/users\/2"}],"replies":[{"embeddable":true,"href":"https:\/\/radiostudiow.com.br\/site\/wp-json\/wp\/v2\/comments?post=37849"}],"version-history":[{"count":1,"href":"https:\/\/radiostudiow.com.br\/site\/wp-json\/wp\/v2\/posts\/37849\/revisions"}],"predecessor-version":[{"id":37852,"href":"https:\/\/radiostudiow.com.br\/site\/wp-json\/wp\/v2\/posts\/37849\/revisions\/37852"}],"wp:featuredmedia":[{"embeddable":true,"href":"https:\/\/radiostudiow.com.br\/site\/wp-json\/wp\/v2\/media\/37851"}],"wp:attachment":[{"href":"https:\/\/radiostudiow.com.br\/site\/wp-json\/wp\/v2\/media?parent=37849"}],"wp:term":[{"taxonomy":"category","embeddable":true,"href":"https:\/\/radiostudiow.com.br\/site\/wp-json\/wp\/v2\/categories?post=37849"},{"taxonomy":"post_tag","embeddable":true,"href":"https:\/\/radiostudiow.com.br\/site\/wp-json\/wp\/v2\/tags?post=37849"}],"curies":[{"name":"wp","href":"https:\/\/api.w.org\/{rel}","templated":true}]}}