{"id":37853,"date":"2025-05-08T13:41:22","date_gmt":"2025-05-08T16:41:22","guid":{"rendered":"https:\/\/radiostudiow.com.br\/site\/?p=37853"},"modified":"2025-05-08T14:11:38","modified_gmt":"2025-05-08T17:11:38","slug":"novo-papa-e-escolhido-fumaca-branca-sai-da-chamine-da-capela-sistina","status":"publish","type":"post","link":"https:\/\/radiostudiow.com.br\/site\/2025\/05\/08\/novo-papa-e-escolhido-fumaca-branca-sai-da-chamine-da-capela-sistina\/","title":{"rendered":"NOVO PAPA \u00c9 ESCOLHIDO: fuma\u00e7a branca sai da chamin\u00e9 da Capela Sistina."},"content":{"rendered":"\n<p><\/p>\n\n\n\n<figure class=\"wp-block-image size-full\"><img loading=\"lazy\" decoding=\"async\" width=\"598\" height=\"204\" src=\"https:\/\/radiostudiow.com.br\/site\/wp-content\/uploads\/2025\/05\/POLAK.png\" alt=\"\" class=\"wp-image-37847\" srcset=\"https:\/\/radiostudiow.com.br\/site\/wp-content\/uploads\/2025\/05\/POLAK.png 598w, https:\/\/radiostudiow.com.br\/site\/wp-content\/uploads\/2025\/05\/POLAK-300x102.png 300w\" sizes=\"auto, (max-width: 598px) 100vw, 598px\" \/><\/figure>\n\n\n\n<p><\/p>\n\n\n\n<p style=\"font-size:21px\">A Igreja Cat\u00f3lica tem um novo papa. A fuma\u00e7a branca foi expelida pela chamin\u00e9 da Capela Sistina, no Vaticano, nesta quinta-feira (8), mostrando que cardeais reunidos no conclave elegeram o novo l\u00edder da Igreja Cat\u00f3lica.<\/p>\n\n\n\n<p style=\"font-size:21px\">Os sinos da Capela Sistina tamb\u00e9m tocaram, indicando que os 133 cardeais que estavam confinados desde a manh\u00e3 de quarta-feira (07,) escolheram o cardeal que vai substituir o papa Francisco.<\/p>\n\n\n\n<p style=\"font-size:21px\">O cardeal eleito ainda n\u00e3o havia sido revelado at\u00e9 a \u00faltima atualiza\u00e7\u00e3o desta reportagem pelo Vaticano, mas o tradicional an\u00fancio de &#8220;habemus papam&#8221;, em que o novo papa aparece na sacada da Bas\u00edlica de S\u00e3o Pedro, acontecer\u00e1 ainda nesta quinta\u2014 nos dois \u00faltimos conclaves, em 2005 e 2013, os an\u00fancios demoraram entre 1h e 2h ap\u00f3s o sinal.<\/p>\n\n\n\n<figure class=\"wp-block-image size-full\"><img loading=\"lazy\" decoding=\"async\" width=\"897\" height=\"204\" src=\"https:\/\/radiostudiow.com.br\/site\/wp-content\/uploads\/2025\/03\/SITE-GRANDE5.png\" alt=\"\" class=\"wp-image-35420\" srcset=\"https:\/\/radiostudiow.com.br\/site\/wp-content\/uploads\/2025\/03\/SITE-GRANDE5.png 897w, https:\/\/radiostudiow.com.br\/site\/wp-content\/uploads\/2025\/03\/SITE-GRANDE5-300x68.png 300w, https:\/\/radiostudiow.com.br\/site\/wp-content\/uploads\/2025\/03\/SITE-GRANDE5-768x175.png 768w\" sizes=\"auto, (max-width: 897px) 100vw, 897px\" \/><\/figure>\n\n\n\n<p><\/p>\n\n\n\n<p style=\"font-size:21px\">Minutos apos a fuma\u00e7a branca, o Vaticano afirmou tamb\u00e9m que o novo pont\u00edfice &#8220;aparecer\u00e1 em breve&#8221;.<\/p>\n\n\n\n<p><\/p>\n\n\n\n<p><strong><em>INFORMA\u00c7\u00d5ES: G1.COM<\/em><\/strong><\/p>\n\n\n\n<p><\/p>\n","protected":false},"excerpt":{"rendered":"<p>A Igreja Cat\u00f3lica tem um novo papa. A fuma\u00e7a branca foi expelida pela chamin\u00e9 da Capela Sistina, no Vaticano, nesta quinta-feira (8), mostrando que cardeais reunidos no conclave elegeram o novo l\u00edder da Igreja Cat\u00f3lica. Os sinos da Capela Sistina tamb\u00e9m tocaram, indicando que os 133 cardeais que estavam confinados desde a manh\u00e3 de quarta-feira [&hellip;]<\/p>\n","protected":false},"author":2,"featured_media":37854,"comment_status":"open","ping_status":"open","sticky":false,"template":"","format":"standard","meta":{"footnotes":""},"categories":[7],"tags":[172],"class_list":["post-37853","post","type-post","status-publish","format-standard","has-post-thumbnail","hentry","category-geral","tag-featured"],"amp_enabled":true,"_links":{"self":[{"href":"https:\/\/radiostudiow.com.br\/site\/wp-json\/wp\/v2\/posts\/37853","targetHints":{"allow":["GET"]}}],"collection":[{"href":"https:\/\/radiostudiow.com.br\/site\/wp-json\/wp\/v2\/posts"}],"about":[{"href":"https:\/\/radiostudiow.com.br\/site\/wp-json\/wp\/v2\/types\/post"}],"author":[{"embeddable":true,"href":"https:\/\/radiostudiow.com.br\/site\/wp-json\/wp\/v2\/users\/2"}],"replies":[{"embeddable":true,"href":"https:\/\/radiostudiow.com.br\/site\/wp-json\/wp\/v2\/comments?post=37853"}],"version-history":[{"count":3,"href":"https:\/\/radiostudiow.com.br\/site\/wp-json\/wp\/v2\/posts\/37853\/revisions"}],"predecessor-version":[{"id":37857,"href":"https:\/\/radiostudiow.com.br\/site\/wp-json\/wp\/v2\/posts\/37853\/revisions\/37857"}],"wp:featuredmedia":[{"embeddable":true,"href":"https:\/\/radiostudiow.com.br\/site\/wp-json\/wp\/v2\/media\/37854"}],"wp:attachment":[{"href":"https:\/\/radiostudiow.com.br\/site\/wp-json\/wp\/v2\/media?parent=37853"}],"wp:term":[{"taxonomy":"category","embeddable":true,"href":"https:\/\/radiostudiow.com.br\/site\/wp-json\/wp\/v2\/categories?post=37853"},{"taxonomy":"post_tag","embeddable":true,"href":"https:\/\/radiostudiow.com.br\/site\/wp-json\/wp\/v2\/tags?post=37853"}],"curies":[{"name":"wp","href":"https:\/\/api.w.org\/{rel}","templated":true}]}}