{"id":37858,"date":"2025-05-08T14:46:18","date_gmt":"2025-05-08T17:46:18","guid":{"rendered":"https:\/\/radiostudiow.com.br\/site\/?p=37858"},"modified":"2025-05-08T15:05:42","modified_gmt":"2025-05-08T18:05:42","slug":"habemus-papam-leao-xiv-e-o-primeiro-papa-norte-americano-da-historia","status":"publish","type":"post","link":"https:\/\/radiostudiow.com.br\/site\/2025\/05\/08\/habemus-papam-leao-xiv-e-o-primeiro-papa-norte-americano-da-historia\/","title":{"rendered":"&#8220;Habemus Papam&#8221;: Le\u00e3o XIV \u00e9 o Primeiro Papa Norte-Americano da Hist\u00f3ria"},"content":{"rendered":"\n<p><\/p>\n\n\n\n<figure class=\"wp-block-image size-full\"><img loading=\"lazy\" decoding=\"async\" width=\"897\" height=\"204\" src=\"https:\/\/radiostudiow.com.br\/site\/wp-content\/uploads\/2025\/03\/image-62.png\" alt=\"\" class=\"wp-image-35859\" srcset=\"https:\/\/radiostudiow.com.br\/site\/wp-content\/uploads\/2025\/03\/image-62.png 897w, https:\/\/radiostudiow.com.br\/site\/wp-content\/uploads\/2025\/03\/image-62-300x68.png 300w, https:\/\/radiostudiow.com.br\/site\/wp-content\/uploads\/2025\/03\/image-62-768x175.png 768w\" sizes=\"auto, (max-width: 897px) 100vw, 897px\" \/><\/figure>\n\n\n\n<h2 class=\"wp-block-heading has-text-align-center\" style=\"font-size:25px\">O Vaticano anunciou hoje quinta-feira dia 08 de maio de 2025, a elei\u00e7\u00e3o de um novo papa:<\/h2>\n\n\n\n<p><\/p>\n\n\n\n<p style=\"font-size:21px\">O cardeal norte-americano Robert Francis Prevost, que adotou o nome de Le\u00e3o XIV.<\/p>\n\n\n\n<p style=\"font-size:21px\">&nbsp;A fuma\u00e7a branca surgiu \u00e0s 13h07 (hor\u00e1rio de Bras\u00edlia), ap\u00f3s a quarta vota\u00e7\u00e3o do conclave, sinalizando que os 133 cardeais chegaram a um consenso sobre o sucessor de Francisco<\/p>\n\n\n\n<figure class=\"wp-block-image size-full\"><img loading=\"lazy\" decoding=\"async\" width=\"598\" height=\"204\" src=\"https:\/\/radiostudiow.com.br\/site\/wp-content\/uploads\/2024\/10\/labirati.png\" alt=\"\" class=\"wp-image-28854\" srcset=\"https:\/\/radiostudiow.com.br\/site\/wp-content\/uploads\/2024\/10\/labirati.png 598w, https:\/\/radiostudiow.com.br\/site\/wp-content\/uploads\/2024\/10\/labirati-300x102.png 300w\" sizes=\"auto, (max-width: 598px) 100vw, 598px\" \/><\/figure>\n\n\n\n<p><\/p>\n\n\n\n<p style=\"font-size:21px\"><strong>Le\u00e3o XIV, de 69 anos, \u00e9 o primeiro papa dos Estados Unidos na hist\u00f3ria da Igreja Cat\u00f3lica.<\/strong><\/p>\n\n\n\n<p style=\"font-size:21px\">Nascido em Chicago, ele \u00e9 conhecido por sua abordagem pastoral moderada e por sua experi\u00eancia internacional, tendo sido pr\u00f3ximo do papa Francisco<\/p>\n\n\n\n<p style=\"font-size:21px\">Ap\u00f3s a elei\u00e7\u00e3o, o novo pont\u00edfice foi conduzido \u00e0 &#8220;Sala das L\u00e1grimas&#8221;, onde vestiu a batina branca e escolheu seu nome papal. Em seguida, apareceu na sacada da Bas\u00edlica de S\u00e3o Pedro para a tradicional b\u00ean\u00e7\u00e3o &#8220;urbi et orbi&#8221;, sendo recebido por uma multid\u00e3o emocionada na Pra\u00e7a de S\u00e3o Pedro A elei\u00e7\u00e3o de Le\u00e3o XIV ocorre ap\u00f3s o falecimento do papa Francisco em 21 de abril de 2025, aos 88 anos, devido a um AVC.<\/p>\n\n\n\n<blockquote class=\"wp-block-quote is-layout-flow wp-block-quote-is-layout-flow\">\n<p style=\"font-size:28px\">\u00a0&#8220;<em>O novo papa herda desafios significativos, como promover a inclus\u00e3o na Igreja e combater a corrup\u00e7\u00e3o, continuando o legado de abertura e compromisso social de seu predecessor<\/em>&#8220;<\/p>\n<\/blockquote>\n\n\n\n<p><strong><em>Fonte: CNN Brasil \/ UOL Not\u00edcias<\/em><\/strong><\/p>\n\n\n\n<p><\/p>\n\n\n\n<figure class=\"wp-block-image size-full\"><img loading=\"lazy\" decoding=\"async\" width=\"897\" height=\"204\" src=\"https:\/\/radiostudiow.com.br\/site\/wp-content\/uploads\/2025\/01\/SITE-GRANDE3.png\" alt=\"\" class=\"wp-image-32900\" srcset=\"https:\/\/radiostudiow.com.br\/site\/wp-content\/uploads\/2025\/01\/SITE-GRANDE3.png 897w, https:\/\/radiostudiow.com.br\/site\/wp-content\/uploads\/2025\/01\/SITE-GRANDE3-300x68.png 300w, https:\/\/radiostudiow.com.br\/site\/wp-content\/uploads\/2025\/01\/SITE-GRANDE3-768x175.png 768w\" sizes=\"auto, (max-width: 897px) 100vw, 897px\" \/><\/figure>\n\n\n\n<p><\/p>\n","protected":false},"excerpt":{"rendered":"<p>O Vaticano anunciou hoje quinta-feira dia 08 de maio de 2025, a elei\u00e7\u00e3o de um novo papa: O cardeal norte-americano Robert Francis Prevost, que adotou o nome de Le\u00e3o XIV. &nbsp;A fuma\u00e7a branca surgiu \u00e0s 13h07 (hor\u00e1rio de Bras\u00edlia), ap\u00f3s a quarta vota\u00e7\u00e3o do conclave, sinalizando que os 133 cardeais chegaram a um consenso sobre [&hellip;]<\/p>\n","protected":false},"author":2,"featured_media":37859,"comment_status":"open","ping_status":"open","sticky":false,"template":"","format":"standard","meta":{"footnotes":""},"categories":[7],"tags":[172],"class_list":["post-37858","post","type-post","status-publish","format-standard","has-post-thumbnail","hentry","category-geral","tag-featured"],"amp_enabled":true,"_links":{"self":[{"href":"https:\/\/radiostudiow.com.br\/site\/wp-json\/wp\/v2\/posts\/37858","targetHints":{"allow":["GET"]}}],"collection":[{"href":"https:\/\/radiostudiow.com.br\/site\/wp-json\/wp\/v2\/posts"}],"about":[{"href":"https:\/\/radiostudiow.com.br\/site\/wp-json\/wp\/v2\/types\/post"}],"author":[{"embeddable":true,"href":"https:\/\/radiostudiow.com.br\/site\/wp-json\/wp\/v2\/users\/2"}],"replies":[{"embeddable":true,"href":"https:\/\/radiostudiow.com.br\/site\/wp-json\/wp\/v2\/comments?post=37858"}],"version-history":[{"count":3,"href":"https:\/\/radiostudiow.com.br\/site\/wp-json\/wp\/v2\/posts\/37858\/revisions"}],"predecessor-version":[{"id":37893,"href":"https:\/\/radiostudiow.com.br\/site\/wp-json\/wp\/v2\/posts\/37858\/revisions\/37893"}],"wp:featuredmedia":[{"embeddable":true,"href":"https:\/\/radiostudiow.com.br\/site\/wp-json\/wp\/v2\/media\/37859"}],"wp:attachment":[{"href":"https:\/\/radiostudiow.com.br\/site\/wp-json\/wp\/v2\/media?parent=37858"}],"wp:term":[{"taxonomy":"category","embeddable":true,"href":"https:\/\/radiostudiow.com.br\/site\/wp-json\/wp\/v2\/categories?post=37858"},{"taxonomy":"post_tag","embeddable":true,"href":"https:\/\/radiostudiow.com.br\/site\/wp-json\/wp\/v2\/tags?post=37858"}],"curies":[{"name":"wp","href":"https:\/\/api.w.org\/{rel}","templated":true}]}}