{"id":37867,"date":"2025-05-08T17:28:07","date_gmt":"2025-05-08T20:28:07","guid":{"rendered":"https:\/\/radiostudiow.com.br\/site\/?p=37867"},"modified":"2025-05-08T17:28:08","modified_gmt":"2025-05-08T20:28:08","slug":"invasores-cortam-cercas-e-ameacam-funcionarios-de-fazenda-em-paula-freitas","status":"publish","type":"post","link":"https:\/\/radiostudiow.com.br\/site\/2025\/05\/08\/invasores-cortam-cercas-e-ameacam-funcionarios-de-fazenda-em-paula-freitas\/","title":{"rendered":"Invasores cortam cercas e amea\u00e7am funcion\u00e1rios de fazenda em Paula Freitas"},"content":{"rendered":"\n<figure class=\"wp-block-image size-full\"><img loading=\"lazy\" decoding=\"async\" width=\"897\" height=\"204\" src=\"https:\/\/radiostudiow.com.br\/site\/wp-content\/uploads\/2025\/05\/NUTRI-MALLET.png\" alt=\"\" class=\"wp-image-37813\" srcset=\"https:\/\/radiostudiow.com.br\/site\/wp-content\/uploads\/2025\/05\/NUTRI-MALLET.png 897w, https:\/\/radiostudiow.com.br\/site\/wp-content\/uploads\/2025\/05\/NUTRI-MALLET-300x68.png 300w, https:\/\/radiostudiow.com.br\/site\/wp-content\/uploads\/2025\/05\/NUTRI-MALLET-768x175.png 768w\" sizes=\"auto, (max-width: 897px) 100vw, 897px\" \/><\/figure>\n\n\n\n<p>Trabalhadores de uma fazenda localizada na zona rural de\u00a0Paula Freitas\u00a0est\u00e3o vivendo dias conturbados e de medo depois de invas\u00f5es ocorridas.<\/p>\n\n\n\n<p>Segundo relatos,\u00a0grupos t\u00eam adentrado a propriedade de forma ilegal para ca\u00e7ar e pescar, causando diversos preju\u00edzos e intimidando os funcion\u00e1rios da \u00e1rea.<\/p>\n\n\n\n<p>De acordo com informa\u00e7\u00f5es obtidas pela reportagem, os invasores cortam cercas, amea\u00e7am os trabalhadores rurais e\u00a0at\u00e9 instalam cruzes em pontos estrat\u00e9gicos da fazenda como forma de intimida\u00e7\u00e3o. A situa\u00e7\u00e3o, que vem se agravando, j\u00e1 foi denunciada \u00e0 Pol\u00edcia Militar, que acompanha o caso.<\/p>\n\n\n\n<figure class=\"wp-block-image size-full\"><img loading=\"lazy\" decoding=\"async\" width=\"897\" height=\"204\" src=\"https:\/\/radiostudiow.com.br\/site\/wp-content\/uploads\/2025\/03\/BARAO-NOVO-NOTICIAS-1.jpg\" alt=\"\" class=\"wp-image-35084\" srcset=\"https:\/\/radiostudiow.com.br\/site\/wp-content\/uploads\/2025\/03\/BARAO-NOVO-NOTICIAS-1.jpg 897w, https:\/\/radiostudiow.com.br\/site\/wp-content\/uploads\/2025\/03\/BARAO-NOVO-NOTICIAS-1-300x68.jpg 300w, https:\/\/radiostudiow.com.br\/site\/wp-content\/uploads\/2025\/03\/BARAO-NOVO-NOTICIAS-1-768x175.jpg 768w\" sizes=\"auto, (max-width: 897px) 100vw, 897px\" \/><\/figure>\n\n\n\n<p>Ainda segundo os relatos,\u00a0a motiva\u00e7\u00e3o dos invasores seria a ca\u00e7a e a pesca, aproveitando-se da localiza\u00e7\u00e3o e da presen\u00e7a do rio e matas na regi\u00e3o.\u00a0Al\u00e9m dos danos materiais, como cercas cortadas e port\u00f5es quebrados, os respons\u00e1veis t\u00eam espalhado o p\u00e2nico entre os moradores e trabalhadores da \u00e1rea.<\/p>\n\n\n\n<p>Como resposta \u00e0 escalada de viol\u00eancia, os propriet\u00e1rios da fazenda decidiram contratar uma equipe de seguran\u00e7a privada para refor\u00e7ar a vigil\u00e2ncia e evitar novas invas\u00f5es. A medida busca proteger tanto o patrim\u00f4nio quanto a integridade f\u00edsica dos trabalhadores.<\/p>\n\n\n\n<p>O caso est\u00e1 sendo acompanhado pelas autoridades locais. Boletins de ocorr\u00eancia sobre o caso j\u00e1 foram feitos.<\/p>\n\n\n\n<figure class=\"wp-block-gallery has-nested-images columns-default is-cropped wp-block-gallery-1 is-layout-flex wp-block-gallery-is-layout-flex\">\n<figure class=\"wp-block-image size-large\"><img loading=\"lazy\" decoding=\"async\" width=\"452\" height=\"600\" data-id=\"37869\" src=\"https:\/\/radiostudiow.com.br\/site\/wp-content\/uploads\/2025\/05\/image-22.png\" alt=\"\" class=\"wp-image-37869\" srcset=\"https:\/\/radiostudiow.com.br\/site\/wp-content\/uploads\/2025\/05\/image-22.png 452w, https:\/\/radiostudiow.com.br\/site\/wp-content\/uploads\/2025\/05\/image-22-226x300.png 226w\" sizes=\"auto, (max-width: 452px) 100vw, 452px\" \/><\/figure>\n\n\n\n<figure class=\"wp-block-image size-large\"><img loading=\"lazy\" decoding=\"async\" width=\"527\" height=\"600\" data-id=\"37870\" src=\"https:\/\/radiostudiow.com.br\/site\/wp-content\/uploads\/2025\/05\/image-23.png\" alt=\"\" class=\"wp-image-37870\" srcset=\"https:\/\/radiostudiow.com.br\/site\/wp-content\/uploads\/2025\/05\/image-23.png 527w, https:\/\/radiostudiow.com.br\/site\/wp-content\/uploads\/2025\/05\/image-23-264x300.png 264w\" sizes=\"auto, (max-width: 527px) 100vw, 527px\" \/><\/figure>\n<\/figure>\n","protected":false},"excerpt":{"rendered":"<p>Trabalhadores de uma fazenda localizada na zona rural de\u00a0Paula Freitas\u00a0est\u00e3o vivendo dias conturbados e de medo depois de invas\u00f5es ocorridas. Segundo relatos,\u00a0grupos t\u00eam adentrado a propriedade de forma ilegal para ca\u00e7ar e pescar, causando diversos preju\u00edzos e intimidando os funcion\u00e1rios da \u00e1rea. De acordo com informa\u00e7\u00f5es obtidas pela reportagem, os invasores cortam cercas, amea\u00e7am os [&hellip;]<\/p>\n","protected":false},"author":2,"featured_media":37868,"comment_status":"open","ping_status":"open","sticky":false,"template":"","format":"standard","meta":{"footnotes":""},"categories":[2],"tags":[172],"class_list":["post-37867","post","type-post","status-publish","format-standard","has-post-thumbnail","hentry","category-policial","tag-featured"],"amp_enabled":true,"_links":{"self":[{"href":"https:\/\/radiostudiow.com.br\/site\/wp-json\/wp\/v2\/posts\/37867","targetHints":{"allow":["GET"]}}],"collection":[{"href":"https:\/\/radiostudiow.com.br\/site\/wp-json\/wp\/v2\/posts"}],"about":[{"href":"https:\/\/radiostudiow.com.br\/site\/wp-json\/wp\/v2\/types\/post"}],"author":[{"embeddable":true,"href":"https:\/\/radiostudiow.com.br\/site\/wp-json\/wp\/v2\/users\/2"}],"replies":[{"embeddable":true,"href":"https:\/\/radiostudiow.com.br\/site\/wp-json\/wp\/v2\/comments?post=37867"}],"version-history":[{"count":1,"href":"https:\/\/radiostudiow.com.br\/site\/wp-json\/wp\/v2\/posts\/37867\/revisions"}],"predecessor-version":[{"id":37871,"href":"https:\/\/radiostudiow.com.br\/site\/wp-json\/wp\/v2\/posts\/37867\/revisions\/37871"}],"wp:featuredmedia":[{"embeddable":true,"href":"https:\/\/radiostudiow.com.br\/site\/wp-json\/wp\/v2\/media\/37868"}],"wp:attachment":[{"href":"https:\/\/radiostudiow.com.br\/site\/wp-json\/wp\/v2\/media?parent=37867"}],"wp:term":[{"taxonomy":"category","embeddable":true,"href":"https:\/\/radiostudiow.com.br\/site\/wp-json\/wp\/v2\/categories?post=37867"},{"taxonomy":"post_tag","embeddable":true,"href":"https:\/\/radiostudiow.com.br\/site\/wp-json\/wp\/v2\/tags?post=37867"}],"curies":[{"name":"wp","href":"https:\/\/api.w.org\/{rel}","templated":true}]}}