{"id":37872,"date":"2025-05-08T17:37:57","date_gmt":"2025-05-08T20:37:57","guid":{"rendered":"https:\/\/radiostudiow.com.br\/site\/?p=37872"},"modified":"2025-05-08T17:37:57","modified_gmt":"2025-05-08T20:37:57","slug":"acidente-na-br-476-proximo-ao-posto-carretao-entre-uniao-da-vitoria-e-paula-freitas","status":"publish","type":"post","link":"https:\/\/radiostudiow.com.br\/site\/2025\/05\/08\/acidente-na-br-476-proximo-ao-posto-carretao-entre-uniao-da-vitoria-e-paula-freitas\/","title":{"rendered":"Acidente na BR-476 pr\u00f3ximo ao Posto Carret\u00e3o entre Uni\u00e3o da Vit\u00f3ria e Paula Freitas"},"content":{"rendered":"\n<figure class=\"wp-block-image size-full\"><img loading=\"lazy\" decoding=\"async\" width=\"598\" height=\"204\" src=\"https:\/\/radiostudiow.com.br\/site\/wp-content\/uploads\/2025\/01\/SITE-MEDIO3.png\" alt=\"\" class=\"wp-image-32815\" srcset=\"https:\/\/radiostudiow.com.br\/site\/wp-content\/uploads\/2025\/01\/SITE-MEDIO3.png 598w, https:\/\/radiostudiow.com.br\/site\/wp-content\/uploads\/2025\/01\/SITE-MEDIO3-300x102.png 300w\" sizes=\"auto, (max-width: 598px) 100vw, 598px\" \/><\/figure>\n\n\n\n<p>Um acidente de tr\u00e2nsito foi registrado na BR-476, proximidades da ponte localizada na regi\u00e3o do Posto Carret\u00e3o, entre Uni\u00e3o da Vit\u00f3ria e Paula Freitas na manh\u00e3 desta quinta-feira (08).<\/p>\n\n\n\n<p>De acordo com as informa\u00e7\u00f5es preliminares, n\u00e3o houve feridos. No entanto, o fluxo de ve\u00edculos na rodovia seguiu lento, exigindo aten\u00e7\u00e3o redobrada dos motoristas que passam pelo local.<\/p>\n\n\n\n<p>Equipes respons\u00e1veis pelo atendimento e controle do tr\u00e1fego j\u00e1 est\u00e3o atuando na \u00e1rea para normalizar a situa\u00e7\u00e3o.<\/p>\n","protected":false},"excerpt":{"rendered":"<p>Um acidente de tr\u00e2nsito foi registrado na BR-476, proximidades da ponte localizada na regi\u00e3o do Posto Carret\u00e3o, entre Uni\u00e3o da Vit\u00f3ria e Paula Freitas na manh\u00e3 desta quinta-feira (08). De acordo com as informa\u00e7\u00f5es preliminares, n\u00e3o houve feridos. No entanto, o fluxo de ve\u00edculos na rodovia seguiu lento, exigindo aten\u00e7\u00e3o redobrada dos motoristas que passam [&hellip;]<\/p>\n","protected":false},"author":2,"featured_media":15529,"comment_status":"open","ping_status":"open","sticky":false,"template":"","format":"standard","meta":{"footnotes":""},"categories":[185],"tags":[172],"class_list":["post-37872","post","type-post","status-publish","format-standard","has-post-thumbnail","hentry","category-regional","tag-featured"],"amp_enabled":true,"_links":{"self":[{"href":"https:\/\/radiostudiow.com.br\/site\/wp-json\/wp\/v2\/posts\/37872","targetHints":{"allow":["GET"]}}],"collection":[{"href":"https:\/\/radiostudiow.com.br\/site\/wp-json\/wp\/v2\/posts"}],"about":[{"href":"https:\/\/radiostudiow.com.br\/site\/wp-json\/wp\/v2\/types\/post"}],"author":[{"embeddable":true,"href":"https:\/\/radiostudiow.com.br\/site\/wp-json\/wp\/v2\/users\/2"}],"replies":[{"embeddable":true,"href":"https:\/\/radiostudiow.com.br\/site\/wp-json\/wp\/v2\/comments?post=37872"}],"version-history":[{"count":2,"href":"https:\/\/radiostudiow.com.br\/site\/wp-json\/wp\/v2\/posts\/37872\/revisions"}],"predecessor-version":[{"id":37874,"href":"https:\/\/radiostudiow.com.br\/site\/wp-json\/wp\/v2\/posts\/37872\/revisions\/37874"}],"wp:featuredmedia":[{"embeddable":true,"href":"https:\/\/radiostudiow.com.br\/site\/wp-json\/wp\/v2\/media\/15529"}],"wp:attachment":[{"href":"https:\/\/radiostudiow.com.br\/site\/wp-json\/wp\/v2\/media?parent=37872"}],"wp:term":[{"taxonomy":"category","embeddable":true,"href":"https:\/\/radiostudiow.com.br\/site\/wp-json\/wp\/v2\/categories?post=37872"},{"taxonomy":"post_tag","embeddable":true,"href":"https:\/\/radiostudiow.com.br\/site\/wp-json\/wp\/v2\/tags?post=37872"}],"curies":[{"name":"wp","href":"https:\/\/api.w.org\/{rel}","templated":true}]}}