{"id":37875,"date":"2025-05-08T18:11:33","date_gmt":"2025-05-08T21:11:33","guid":{"rendered":"https:\/\/radiostudiow.com.br\/site\/?p=37875"},"modified":"2025-05-08T18:11:33","modified_gmt":"2025-05-08T21:11:33","slug":"dia-das-maes-procon-pr-da-dicas-para-nao-ter-surpresas-na-compras-de-presentes","status":"publish","type":"post","link":"https:\/\/radiostudiow.com.br\/site\/2025\/05\/08\/dia-das-maes-procon-pr-da-dicas-para-nao-ter-surpresas-na-compras-de-presentes\/","title":{"rendered":"Dia das M\u00e3es: Procon-PR d\u00e1 dicas para n\u00e3o ter surpresas na compras de presentes"},"content":{"rendered":"\n<p><em>O primeiro passo \u00e9 elaborar uma lista com os poss\u00edveis presentes e, ap\u00f3s fazer a sua<br>escolha, o consumidor deve pesquisar pre\u00e7os e concorrentes. Isso evita surpresas<br>desagrad\u00e1veis e endividamento. Para exercer o direito de troca, \u00e9 importante que o<br>consumidor mantenha a etiqueta do produto e guarde a nota fiscal.<\/em><\/p>\n\n\n\n<figure class=\"wp-block-gallery has-nested-images columns-default is-cropped wp-block-gallery-1 is-layout-flex wp-block-gallery-is-layout-flex\">\n<figure class=\"wp-block-image size-large\"><img loading=\"lazy\" decoding=\"async\" width=\"300\" height=\"180\" data-id=\"32833\" src=\"https:\/\/radiostudiow.com.br\/site\/wp-content\/uploads\/2025\/01\/SITE-PEQUENO.png\" alt=\"\" class=\"wp-image-32833\"\/><\/figure>\n\n\n\n<figure class=\"wp-block-image size-large\"><img decoding=\"async\" data-id=\"37818\" src=\"https:\/\/radiostudiow.com.br\/site\/wp-content\/uploads\/2025\/05\/EXTREME.png\" alt=\"\" class=\"wp-image-37818\"\/><\/figure>\n<\/figure>\n\n\n\n<p>A Secretaria da Justi\u00e7a e Cidadania do Paran\u00e1 (Seju), por meio da Coordena\u00e7\u00e3o<br>Estadual de Prote\u00e7\u00e3o e Defesa dos Direitos do Consumidor (Procon-PR), orienta os<br>consumidores para as compras do Dia das M\u00e3es, comemorado neste domingo, 11 de maio.<br>O primeiro passo \u00e9 elaborar uma lista com os poss\u00edveis presentes e, ap\u00f3s fazer a<br>sua escolha, o consumidor deve pesquisar pre\u00e7os e concorrentes. Isso evita surpresas<br>desagrad\u00e1veis e endividamento. O consumidor n\u00e3o pode esquecer de pedir a nota fiscal,<br>ficar atento \u00e0 veracidade das ofertas e promo\u00e7\u00f5es, quais as possibilidades de troca e aos<br>prazos de garantia. Bens n\u00e3o dur\u00e1veis, como alimentos e cosm\u00e9ticos, t\u00eam um prazo de 30<br>dias, j\u00e1 os bens dur\u00e1veis (cal\u00e7ados, roupas, bolsas) t\u00eam um prazo de 90 dias.<\/p>\n\n\n\n<p>O consumidor deve estar ciente de que a loja s\u00f3 \u00e9 obrigada a efetuar a substitui\u00e7\u00e3o<br>em caso de defeitos na mercadoria. Quando o problema for, por exemplo, o tamanho que<br>n\u00e3o ficou adequado, a cor ou modelo que n\u00e3o agradou, o estabelecimento s\u00f3 \u00e9 obrigado a<br>trocar o produto se tiver se comprometido no momento da compra &#8211; tal compromisso deve<br>constar por escrito, seja na etiqueta do produto, na nota fiscal ou em qualquer outro<br>documento que comprove o que foi prometido e quais as condi\u00e7\u00f5es para se obter a troca<br>como, por exemplo, o prazo.<\/p>\n\n\n\n<p>Para exercer o direito de troca, \u00e9 importante que o consumidor mantenha a etiqueta<br>do produto e guarde a nota fiscal.<\/p>\n\n\n\n<div class=\"wp-block-media-text is-stacked-on-mobile\"><figure class=\"wp-block-media-text__media\"><img loading=\"lazy\" decoding=\"async\" width=\"1024\" height=\"999\" src=\"https:\/\/radiostudiow.com.br\/site\/wp-content\/uploads\/2025\/05\/AGRODU-FEED-MSG-1024x999.png\" alt=\"\" class=\"wp-image-37878 size-full\" srcset=\"https:\/\/radiostudiow.com.br\/site\/wp-content\/uploads\/2025\/05\/AGRODU-FEED-MSG-1024x999.png 1024w, https:\/\/radiostudiow.com.br\/site\/wp-content\/uploads\/2025\/05\/AGRODU-FEED-MSG-300x293.png 300w, https:\/\/radiostudiow.com.br\/site\/wp-content\/uploads\/2025\/05\/AGRODU-FEED-MSG-768x749.png 768w, https:\/\/radiostudiow.com.br\/site\/wp-content\/uploads\/2025\/05\/AGRODU-FEED-MSG-1536x1499.png 1536w, https:\/\/radiostudiow.com.br\/site\/wp-content\/uploads\/2025\/05\/AGRODU-FEED-MSG-2048x1998.png 2048w\" sizes=\"auto, (max-width: 1024px) 100vw, 1024px\" \/><\/figure><div class=\"wp-block-media-text__content\">\n<p>Se a escolha for por eletr\u00f4nicos ou eletrodom\u00e9sticos, \u00e9 obrigat\u00f3ria a entrega de manual, com as instru\u00e7\u00f5es em portugu\u00eas, para que se entenda como usar o produto. O ideal \u00e9 que, na hora da compra, seja solicitado um teste do aparelho, para avaliar se os recursos tecnol\u00f3gicos est\u00e3o funcionando. \u00c9 importante ainda que consumidor sempre<br>exija nota fiscal, manual, termo de garantia e a rela\u00e7\u00e3o das assist\u00eancias t\u00e9cnicas<br>autorizadas.<\/p>\n<\/div><\/div>\n\n\n\n<p>Com o aumento da demanda por flores nessa \u00e9poca, a sugest\u00e3o \u00e9 que se esteja<br>atento \u00e0s condi\u00e7\u00f5es e \u00e0 proced\u00eancia das mesmas, se h\u00e1 taxa de entrega, quais os tipos de<br>embalagens e estilos do arranjo dispon\u00edveis, pois esses itens fazem diferen\u00e7a no pre\u00e7o<br>final. As cestas de caf\u00e9 da manh\u00e3 tamb\u00e9m s\u00e3o muito pedidas. O recomendado \u00e9 adquiri-las<br>de empresas ou pessoas conhecidas. Os produtos embalados, mesmo que n\u00e3o estejam na<br>embalagem original, precisam ter etiquetas com todas as informa\u00e7\u00f5es obrigat\u00f3rias, tais<br>como composi\u00e7\u00e3o e prazo de validade.<\/p>\n\n\n\n<p><em><strong>&#8220;\u00c9 nossa responsabilidade sempre buscar orientar os consumidores a evitar o<br>superendividamento, riscos de fraudes e outros preju\u00edzos que podem ocorrer em datas<br>comemorativas\u201d, afirma o secret\u00e1rio Santin Roveda.<\/strong><\/em><\/p>\n\n\n\n<figure class=\"wp-block-gallery has-nested-images columns-default is-cropped wp-block-gallery-2 is-layout-flex wp-block-gallery-is-layout-flex\">\n<figure class=\"wp-block-image size-large\"><img loading=\"lazy\" decoding=\"async\" width=\"300\" height=\"180\" data-id=\"37228\" src=\"https:\/\/radiostudiow.com.br\/site\/wp-content\/uploads\/2025\/04\/LOU.png\" alt=\"\" class=\"wp-image-37228\"\/><\/figure>\n\n\n\n<figure class=\"wp-block-image size-large\"><img loading=\"lazy\" decoding=\"async\" width=\"300\" height=\"180\" data-id=\"37227\" src=\"https:\/\/radiostudiow.com.br\/site\/wp-content\/uploads\/2025\/04\/DAIANE.png\" alt=\"\" class=\"wp-image-37227\"\/><\/figure>\n<\/figure>\n\n\n\n<p>Segundo a coordenadora do Procon-PR, Claudia Silvano, ao sair \u00e0s compras o<br>consumidor deve ter uma defini\u00e7\u00e3o do que pretende adquirir e quanto pretende gastar,<br>levando em conta as condi\u00e7\u00f5es de pagamento e os juros em caso de parcelamento.<\/p>\n\n\n\n<p><em><strong>\u201cSe a compra for realizada de maneira virtual deve-se ficar atento \u00e0 seguran\u00e7a,<br>pesquisando a idoneidade da empresa e relatos de consumidores na pr\u00f3pria internet ou<br>atrav\u00e9s dos registros de queixas nos \u00f3rg\u00e3os de defesa do consumidor\u201d, enfatiza Cl\u00e1udia.<br>&#8220;Na aquisi\u00e7\u00e3o de roupas e cal\u00e7ados o consumidor deve estar atento \u00e0s informa\u00e7\u00f5es<br>contidas na etiqueta (composi\u00e7\u00e3o do tecido, tamanho, per\u00edodo de trocas, entre outros)&#8221;.<\/strong><\/em><\/p>\n","protected":false},"excerpt":{"rendered":"<p>O primeiro passo \u00e9 elaborar uma lista com os poss\u00edveis presentes e, ap\u00f3s fazer a suaescolha, o consumidor deve pesquisar pre\u00e7os e concorrentes. Isso evita surpresasdesagrad\u00e1veis e endividamento. Para exercer o direito de troca, \u00e9 importante que oconsumidor mantenha a etiqueta do produto e guarde a nota fiscal. A Secretaria da Justi\u00e7a e Cidadania do [&hellip;]<\/p>\n","protected":false},"author":2,"featured_media":37877,"comment_status":"open","ping_status":"open","sticky":false,"template":"","format":"standard","meta":{"footnotes":""},"categories":[7],"tags":[172],"class_list":["post-37875","post","type-post","status-publish","format-standard","has-post-thumbnail","hentry","category-geral","tag-featured"],"amp_enabled":true,"_links":{"self":[{"href":"https:\/\/radiostudiow.com.br\/site\/wp-json\/wp\/v2\/posts\/37875","targetHints":{"allow":["GET"]}}],"collection":[{"href":"https:\/\/radiostudiow.com.br\/site\/wp-json\/wp\/v2\/posts"}],"about":[{"href":"https:\/\/radiostudiow.com.br\/site\/wp-json\/wp\/v2\/types\/post"}],"author":[{"embeddable":true,"href":"https:\/\/radiostudiow.com.br\/site\/wp-json\/wp\/v2\/users\/2"}],"replies":[{"embeddable":true,"href":"https:\/\/radiostudiow.com.br\/site\/wp-json\/wp\/v2\/comments?post=37875"}],"version-history":[{"count":2,"href":"https:\/\/radiostudiow.com.br\/site\/wp-json\/wp\/v2\/posts\/37875\/revisions"}],"predecessor-version":[{"id":37879,"href":"https:\/\/radiostudiow.com.br\/site\/wp-json\/wp\/v2\/posts\/37875\/revisions\/37879"}],"wp:featuredmedia":[{"embeddable":true,"href":"https:\/\/radiostudiow.com.br\/site\/wp-json\/wp\/v2\/media\/37877"}],"wp:attachment":[{"href":"https:\/\/radiostudiow.com.br\/site\/wp-json\/wp\/v2\/media?parent=37875"}],"wp:term":[{"taxonomy":"category","embeddable":true,"href":"https:\/\/radiostudiow.com.br\/site\/wp-json\/wp\/v2\/categories?post=37875"},{"taxonomy":"post_tag","embeddable":true,"href":"https:\/\/radiostudiow.com.br\/site\/wp-json\/wp\/v2\/tags?post=37875"}],"curies":[{"name":"wp","href":"https:\/\/api.w.org\/{rel}","templated":true}]}}