{"id":3789,"date":"2021-09-23T10:59:28","date_gmt":"2021-09-23T13:59:28","guid":{"rendered":"https:\/\/radiostudiow.com.br\/site\/?p=3789"},"modified":"2025-01-31T15:12:27","modified_gmt":"2025-01-31T18:12:27","slug":"caminhao-com-placas-de-cruz-machado-tomba-na-br-280-em-canoinhas","status":"publish","type":"post","link":"https:\/\/radiostudiow.com.br\/site\/2021\/09\/23\/caminhao-com-placas-de-cruz-machado-tomba-na-br-280-em-canoinhas\/","title":{"rendered":"Caminh\u00e3o com placas de Cruz Machado tomba na BR-280 em Canoinhas"},"content":{"rendered":"\n<p>Um caminh\u00e3o modelo VW\/17.210, motor Cummins, de cor branca e com placas de Cruz Machado se envolveu em um acidente no fim da noite dessa quarta-feira, 22 de setembro, por volta das 23:20 horas na rodovia BR-280 na localidade de Pedra Branca, no interior de Canoinhas.<\/p>\n\n\n\n<p>Segundo informa\u00e7\u00f5es, depois do caminh\u00e3o colidir contra um carro Fiat\/Palio com placas de Timb\u00f3 Grande\/SC, acabou tombando.<\/p>\n\n\n\n<p>O motorista do caminh\u00e3o foi identificado, um jovem de 21 anos de idade, o qual apresentava um corte contuso no joelho. Ele recebeu os primeiros socorros e foi encaminhado pelos Bombeiros para uma avalia\u00e7\u00e3o m\u00e9dica.<\/p>\n\n\n\n<p>Os ocupantes do carro nada sofreram.<\/p>\n\n\n\n<figure class=\"wp-block-image size-full\"><img decoding=\"async\" src=\"https:\/\/radiostudiow.com.br\/site\/wp-content\/uploads\/2021\/09\/HF-MALLET.jpg\" alt=\"\" class=\"wp-image-3544\"\/><\/figure>\n","protected":false},"excerpt":{"rendered":"<p>Um caminh\u00e3o modelo VW\/17.210, motor Cummins, de cor branca e com placas de Cruz Machado se envolveu em um acidente no fim da noite dessa quarta-feira, 22 de setembro, por volta das 23:20 horas na rodovia BR-280 na localidade de Pedra Branca, no interior de Canoinhas. Segundo informa\u00e7\u00f5es, depois do caminh\u00e3o colidir contra um carro [&hellip;]<\/p>\n","protected":false},"author":2,"featured_media":3790,"comment_status":"open","ping_status":"open","sticky":false,"template":"","format":"standard","meta":{"footnotes":""},"categories":[2],"tags":[172],"class_list":["post-3789","post","type-post","status-publish","format-standard","has-post-thumbnail","hentry","category-policial","tag-featured"],"amp_enabled":true,"_links":{"self":[{"href":"https:\/\/radiostudiow.com.br\/site\/wp-json\/wp\/v2\/posts\/3789","targetHints":{"allow":["GET"]}}],"collection":[{"href":"https:\/\/radiostudiow.com.br\/site\/wp-json\/wp\/v2\/posts"}],"about":[{"href":"https:\/\/radiostudiow.com.br\/site\/wp-json\/wp\/v2\/types\/post"}],"author":[{"embeddable":true,"href":"https:\/\/radiostudiow.com.br\/site\/wp-json\/wp\/v2\/users\/2"}],"replies":[{"embeddable":true,"href":"https:\/\/radiostudiow.com.br\/site\/wp-json\/wp\/v2\/comments?post=3789"}],"version-history":[{"count":1,"href":"https:\/\/radiostudiow.com.br\/site\/wp-json\/wp\/v2\/posts\/3789\/revisions"}],"predecessor-version":[{"id":3791,"href":"https:\/\/radiostudiow.com.br\/site\/wp-json\/wp\/v2\/posts\/3789\/revisions\/3791"}],"wp:featuredmedia":[{"embeddable":true,"href":"https:\/\/radiostudiow.com.br\/site\/wp-json\/wp\/v2\/media\/3790"}],"wp:attachment":[{"href":"https:\/\/radiostudiow.com.br\/site\/wp-json\/wp\/v2\/media?parent=3789"}],"wp:term":[{"taxonomy":"category","embeddable":true,"href":"https:\/\/radiostudiow.com.br\/site\/wp-json\/wp\/v2\/categories?post=3789"},{"taxonomy":"post_tag","embeddable":true,"href":"https:\/\/radiostudiow.com.br\/site\/wp-json\/wp\/v2\/tags?post=3789"}],"curies":[{"name":"wp","href":"https:\/\/api.w.org\/{rel}","templated":true}]}}