{"id":37895,"date":"2025-05-09T11:03:53","date_gmt":"2025-05-09T14:03:53","guid":{"rendered":"https:\/\/radiostudiow.com.br\/site\/?p=37895"},"modified":"2025-05-09T11:03:53","modified_gmt":"2025-05-09T14:03:53","slug":"policia-militar-prende-autor-de-trafico-de-drogas-em-sao-mateus-do-sul","status":"publish","type":"post","link":"https:\/\/radiostudiow.com.br\/site\/2025\/05\/09\/policia-militar-prende-autor-de-trafico-de-drogas-em-sao-mateus-do-sul\/","title":{"rendered":"Pol\u00edcia Militar Prende Autor De Tr\u00e1fico De Drogas em S\u00e3o Mateus Do Sul"},"content":{"rendered":"\n<p>A <a><\/a>equipe da Pol\u00edcia Militar de S\u00e3o Mateus do Sul realizou pris\u00e3o de um homem por tr\u00e1fico de drogas durante patrulhamento pela \u00e1rea central por volta das 14 horas dessa quinta-feira (08).<\/p>\n\n\n\n<p>Os policiais abordaram um ve\u00edculo, ocasi\u00e3o em que o condutor apresentou fundada suspeita. No porta-malas do ve\u00edculo foram localizados1,563 kg de subst\u00e2ncia an\u00e1loga \u00e0 maconha.<\/p>\n\n\n\n<figure class=\"wp-block-image size-full\"><img decoding=\"async\" src=\"https:\/\/radiostudiow.com.br\/site\/wp-content\/uploads\/2025\/05\/EXTREME.png\" alt=\"\" class=\"wp-image-37818\"\/><\/figure>\n\n\n\n<p>Al\u00e9m disso, o condutor afirmou que em sua resid\u00eancia havia mais entorpecentes, sendo encontrados3,425 kg da mesma subst\u00e2ncia, uma balan\u00e7a de precis\u00e3o, embalagens do tipo Zip Lock e R$ 267,00 em dinheiro.<\/p>\n\n\n\n<p>Diante dos fatos, o autor recebeu voz de pris\u00e3o por tr\u00e1fico de drogas e foi conduzido \u00e0 Delegacia de Pol\u00edcia Civil para os devidos procedimentos.<\/p>\n\n\n\n<p><em>Fonte: 27\u00b0 BPM<\/em><\/p>\n\n\n\n<p><\/p>\n","protected":false},"excerpt":{"rendered":"<p>A equipe da Pol\u00edcia Militar de S\u00e3o Mateus do Sul realizou pris\u00e3o de um homem por tr\u00e1fico de drogas durante patrulhamento pela \u00e1rea central por volta das 14 horas dessa quinta-feira (08). Os policiais abordaram um ve\u00edculo, ocasi\u00e3o em que o condutor apresentou fundada suspeita. No porta-malas do ve\u00edculo foram localizados1,563 kg de subst\u00e2ncia an\u00e1loga [&hellip;]<\/p>\n","protected":false},"author":2,"featured_media":37896,"comment_status":"open","ping_status":"open","sticky":false,"template":"","format":"standard","meta":{"footnotes":""},"categories":[2],"tags":[172],"class_list":["post-37895","post","type-post","status-publish","format-standard","has-post-thumbnail","hentry","category-policial","tag-featured"],"amp_enabled":true,"_links":{"self":[{"href":"https:\/\/radiostudiow.com.br\/site\/wp-json\/wp\/v2\/posts\/37895","targetHints":{"allow":["GET"]}}],"collection":[{"href":"https:\/\/radiostudiow.com.br\/site\/wp-json\/wp\/v2\/posts"}],"about":[{"href":"https:\/\/radiostudiow.com.br\/site\/wp-json\/wp\/v2\/types\/post"}],"author":[{"embeddable":true,"href":"https:\/\/radiostudiow.com.br\/site\/wp-json\/wp\/v2\/users\/2"}],"replies":[{"embeddable":true,"href":"https:\/\/radiostudiow.com.br\/site\/wp-json\/wp\/v2\/comments?post=37895"}],"version-history":[{"count":1,"href":"https:\/\/radiostudiow.com.br\/site\/wp-json\/wp\/v2\/posts\/37895\/revisions"}],"predecessor-version":[{"id":37897,"href":"https:\/\/radiostudiow.com.br\/site\/wp-json\/wp\/v2\/posts\/37895\/revisions\/37897"}],"wp:featuredmedia":[{"embeddable":true,"href":"https:\/\/radiostudiow.com.br\/site\/wp-json\/wp\/v2\/media\/37896"}],"wp:attachment":[{"href":"https:\/\/radiostudiow.com.br\/site\/wp-json\/wp\/v2\/media?parent=37895"}],"wp:term":[{"taxonomy":"category","embeddable":true,"href":"https:\/\/radiostudiow.com.br\/site\/wp-json\/wp\/v2\/categories?post=37895"},{"taxonomy":"post_tag","embeddable":true,"href":"https:\/\/radiostudiow.com.br\/site\/wp-json\/wp\/v2\/tags?post=37895"}],"curies":[{"name":"wp","href":"https:\/\/api.w.org\/{rel}","templated":true}]}}