{"id":37898,"date":"2025-05-09T11:49:25","date_gmt":"2025-05-09T14:49:25","guid":{"rendered":"https:\/\/radiostudiow.com.br\/site\/?p=37898"},"modified":"2025-05-09T11:49:26","modified_gmt":"2025-05-09T14:49:26","slug":"policia-militar-recupera-bicicleta-furtada-e-prende-autor-de-receptacao-em-uniao-da-vitoria","status":"publish","type":"post","link":"https:\/\/radiostudiow.com.br\/site\/2025\/05\/09\/policia-militar-recupera-bicicleta-furtada-e-prende-autor-de-receptacao-em-uniao-da-vitoria\/","title":{"rendered":"Policia Militar Recupera Bicicleta Furtada E Prende Autor de Recepta\u00e7\u00e3o Em Uni\u00e3o Da Vit\u00f3ria"},"content":{"rendered":"\n<p>A equipe da Pol\u00edcia Militar de Uni\u00e3o da Vit\u00f3ria recebeu informa\u00e7\u00f5es sobre o poss\u00edvel paradeiro de uma bicicleta furtada por volta das 21 horas dessa quinta-feira (08).<\/p>\n\n\n\n<p>Em a\u00e7\u00e3o r\u00e1pida, a equipe policial visualizou, por meio de uma porta aberta, o objeto furtado no interior de uma sala de uma resid\u00eancia no bairro Navegantes. Ao ser questionado, o morador informou ter adquirido a bicicleta pelo valor de R$ 40,00 (quarenta reais).<\/p>\n\n\n\n<figure class=\"wp-block-image size-full\"><img loading=\"lazy\" decoding=\"async\" width=\"897\" height=\"204\" src=\"https:\/\/radiostudiow.com.br\/site\/wp-content\/uploads\/2025\/01\/SITE-GRANDE2.png\" alt=\"\" class=\"wp-image-32805\" srcset=\"https:\/\/radiostudiow.com.br\/site\/wp-content\/uploads\/2025\/01\/SITE-GRANDE2.png 897w, https:\/\/radiostudiow.com.br\/site\/wp-content\/uploads\/2025\/01\/SITE-GRANDE2-300x68.png 300w, https:\/\/radiostudiow.com.br\/site\/wp-content\/uploads\/2025\/01\/SITE-GRANDE2-768x175.png 768w\" sizes=\"auto, (max-width: 897px) 100vw, 897px\" \/><\/figure>\n\n\n\n<p>Durante a abordagem, tamb\u00e9m foi encontrada em sua posse uma por\u00e7\u00e3o de subst\u00e2ncia an\u00e1loga \u00e0 maconha.<\/p>\n\n\n\n<p>Diante dos fatos, o autor da recepta\u00e7\u00e3o, a subst\u00e2ncia il\u00edcita e o produto de furto foram encaminhados \u00e0 Pol\u00edcia Judici\u00e1ria para a ado\u00e7\u00e3o dosprocedimentos cab\u00edveis.<\/p>\n\n\n\n<p><\/p>\n","protected":false},"excerpt":{"rendered":"<p>A equipe da Pol\u00edcia Militar de Uni\u00e3o da Vit\u00f3ria recebeu informa\u00e7\u00f5es sobre o poss\u00edvel paradeiro de uma bicicleta furtada por volta das 21 horas dessa quinta-feira (08). Em a\u00e7\u00e3o r\u00e1pida, a equipe policial visualizou, por meio de uma porta aberta, o objeto furtado no interior de uma sala de uma resid\u00eancia no bairro Navegantes. Ao [&hellip;]<\/p>\n","protected":false},"author":2,"featured_media":37899,"comment_status":"open","ping_status":"open","sticky":false,"template":"","format":"standard","meta":{"footnotes":""},"categories":[2],"tags":[172],"class_list":["post-37898","post","type-post","status-publish","format-standard","has-post-thumbnail","hentry","category-policial","tag-featured"],"amp_enabled":true,"_links":{"self":[{"href":"https:\/\/radiostudiow.com.br\/site\/wp-json\/wp\/v2\/posts\/37898","targetHints":{"allow":["GET"]}}],"collection":[{"href":"https:\/\/radiostudiow.com.br\/site\/wp-json\/wp\/v2\/posts"}],"about":[{"href":"https:\/\/radiostudiow.com.br\/site\/wp-json\/wp\/v2\/types\/post"}],"author":[{"embeddable":true,"href":"https:\/\/radiostudiow.com.br\/site\/wp-json\/wp\/v2\/users\/2"}],"replies":[{"embeddable":true,"href":"https:\/\/radiostudiow.com.br\/site\/wp-json\/wp\/v2\/comments?post=37898"}],"version-history":[{"count":1,"href":"https:\/\/radiostudiow.com.br\/site\/wp-json\/wp\/v2\/posts\/37898\/revisions"}],"predecessor-version":[{"id":37900,"href":"https:\/\/radiostudiow.com.br\/site\/wp-json\/wp\/v2\/posts\/37898\/revisions\/37900"}],"wp:featuredmedia":[{"embeddable":true,"href":"https:\/\/radiostudiow.com.br\/site\/wp-json\/wp\/v2\/media\/37899"}],"wp:attachment":[{"href":"https:\/\/radiostudiow.com.br\/site\/wp-json\/wp\/v2\/media?parent=37898"}],"wp:term":[{"taxonomy":"category","embeddable":true,"href":"https:\/\/radiostudiow.com.br\/site\/wp-json\/wp\/v2\/categories?post=37898"},{"taxonomy":"post_tag","embeddable":true,"href":"https:\/\/radiostudiow.com.br\/site\/wp-json\/wp\/v2\/tags?post=37898"}],"curies":[{"name":"wp","href":"https:\/\/api.w.org\/{rel}","templated":true}]}}