{"id":37901,"date":"2025-05-09T12:10:27","date_gmt":"2025-05-09T15:10:27","guid":{"rendered":"https:\/\/radiostudiow.com.br\/site\/?p=37901"},"modified":"2025-05-09T12:10:27","modified_gmt":"2025-05-09T15:10:27","slug":"policia-militar-prende-autora-de-furtos-em-supermercados-de-uniao-da-vitoria","status":"publish","type":"post","link":"https:\/\/radiostudiow.com.br\/site\/2025\/05\/09\/policia-militar-prende-autora-de-furtos-em-supermercados-de-uniao-da-vitoria\/","title":{"rendered":"Pol\u00edcia Militar prende autora de furtos em supermercados de Uni\u00e3o da Vit\u00f3ria"},"content":{"rendered":"\n<p>A equipe da Pol\u00edcia Militar de Uni\u00e3o da Vit\u00f3ria foi acionada por volta das 18 horas dessa quinta-feira, 08 de maio, para averiguar uma ocorr\u00eancia de furto em um supermercado na \u00e1rea central.<\/p>\n\n\n\n<p>Conforme relato do fiscal da loja, a suspeita, j\u00e1 conhecida por envolvimento em furtosanteriores no local, foi vista com uma cesta cheia de itens, dirigiu-se ao banheiro e saiu portando umabolsa volumosa, sem a referida cesta.<\/p>\n\n\n\n<figure class=\"wp-block-image size-full\"><img loading=\"lazy\" decoding=\"async\" width=\"598\" height=\"204\" src=\"https:\/\/radiostudiow.com.br\/site\/wp-content\/uploads\/2025\/05\/POLAK.png\" alt=\"\" class=\"wp-image-37847\" srcset=\"https:\/\/radiostudiow.com.br\/site\/wp-content\/uploads\/2025\/05\/POLAK.png 598w, https:\/\/radiostudiow.com.br\/site\/wp-content\/uploads\/2025\/05\/POLAK-300x102.png 300w\" sizes=\"auto, (max-width: 598px) 100vw, 598px\" \/><\/figure>\n\n\n\n<p>Ao ser questionada, alegou estar passando mal e retornou aobanheiro. Posteriormente, os produtos foram encontrados escondidos no cesto de lixo do local.<\/p>\n\n\n\n<p>Dianteda situa\u00e7\u00e3o, foi dada voz de pris\u00e3o \u00e0 autora, que foi conduzida \u00e0 4\u00aa SDP para os procedimentos cab\u00edveis.<\/p>\n","protected":false},"excerpt":{"rendered":"<p>A equipe da Pol\u00edcia Militar de Uni\u00e3o da Vit\u00f3ria foi acionada por volta das 18 horas dessa quinta-feira, 08 de maio, para averiguar uma ocorr\u00eancia de furto em um supermercado na \u00e1rea central. Conforme relato do fiscal da loja, a suspeita, j\u00e1 conhecida por envolvimento em furtosanteriores no local, foi vista com uma cesta cheia [&hellip;]<\/p>\n","protected":false},"author":2,"featured_media":37902,"comment_status":"open","ping_status":"open","sticky":false,"template":"","format":"standard","meta":{"footnotes":""},"categories":[2],"tags":[172],"class_list":["post-37901","post","type-post","status-publish","format-standard","has-post-thumbnail","hentry","category-policial","tag-featured"],"amp_enabled":true,"_links":{"self":[{"href":"https:\/\/radiostudiow.com.br\/site\/wp-json\/wp\/v2\/posts\/37901","targetHints":{"allow":["GET"]}}],"collection":[{"href":"https:\/\/radiostudiow.com.br\/site\/wp-json\/wp\/v2\/posts"}],"about":[{"href":"https:\/\/radiostudiow.com.br\/site\/wp-json\/wp\/v2\/types\/post"}],"author":[{"embeddable":true,"href":"https:\/\/radiostudiow.com.br\/site\/wp-json\/wp\/v2\/users\/2"}],"replies":[{"embeddable":true,"href":"https:\/\/radiostudiow.com.br\/site\/wp-json\/wp\/v2\/comments?post=37901"}],"version-history":[{"count":2,"href":"https:\/\/radiostudiow.com.br\/site\/wp-json\/wp\/v2\/posts\/37901\/revisions"}],"predecessor-version":[{"id":37904,"href":"https:\/\/radiostudiow.com.br\/site\/wp-json\/wp\/v2\/posts\/37901\/revisions\/37904"}],"wp:featuredmedia":[{"embeddable":true,"href":"https:\/\/radiostudiow.com.br\/site\/wp-json\/wp\/v2\/media\/37902"}],"wp:attachment":[{"href":"https:\/\/radiostudiow.com.br\/site\/wp-json\/wp\/v2\/media?parent=37901"}],"wp:term":[{"taxonomy":"category","embeddable":true,"href":"https:\/\/radiostudiow.com.br\/site\/wp-json\/wp\/v2\/categories?post=37901"},{"taxonomy":"post_tag","embeddable":true,"href":"https:\/\/radiostudiow.com.br\/site\/wp-json\/wp\/v2\/tags?post=37901"}],"curies":[{"name":"wp","href":"https:\/\/api.w.org\/{rel}","templated":true}]}}