{"id":37905,"date":"2025-05-09T12:11:48","date_gmt":"2025-05-09T15:11:48","guid":{"rendered":"https:\/\/radiostudiow.com.br\/site\/?p=37905"},"modified":"2025-05-09T12:11:49","modified_gmt":"2025-05-09T15:11:49","slug":"policia-militar-de-paulo-frontin-prende-duas-pessoas-por-trafico-de-drogas","status":"publish","type":"post","link":"https:\/\/radiostudiow.com.br\/site\/2025\/05\/09\/policia-militar-de-paulo-frontin-prende-duas-pessoas-por-trafico-de-drogas\/","title":{"rendered":"POLICIA MILITAR DE PAULO FRONTIN PRENDE DUAS PESSOAS POR TR\u00c1FICO DE DROGAS"},"content":{"rendered":"\n<p>19H \/ CENTRO<\/p>\n\n\n\n<p>Durante patrulhamento uma equipe policial visualizou um ve\u00edculo em atitude suspeita,o qual tentou ocultar-se atr\u00e1s de uma carreta ao avistar a viatura. Com apoio de outra equipe policial, foirealizada abordagem e, ap\u00f3s buscas, localizado um inv\u00f3lucro contendo subst\u00e2ncia an\u00e1loga \u00e0 coca\u00ednaescondido sob o cap\u00f4 do ve\u00edculo. Os ocupantes foram detidos e conduzidos \u00e0 delegacia paraprovid\u00eancias<\/p>\n","protected":false},"excerpt":{"rendered":"<p>19H \/ CENTRO Durante patrulhamento uma equipe policial visualizou um ve\u00edculo em atitude suspeita,o qual tentou ocultar-se atr\u00e1s de uma carreta ao avistar a viatura. Com apoio de outra equipe policial, foirealizada abordagem e, ap\u00f3s buscas, localizado um inv\u00f3lucro contendo subst\u00e2ncia an\u00e1loga \u00e0 coca\u00ednaescondido sob o cap\u00f4 do ve\u00edculo. Os ocupantes foram detidos e conduzidos [&hellip;]<\/p>\n","protected":false},"author":2,"featured_media":37907,"comment_status":"open","ping_status":"open","sticky":false,"template":"","format":"standard","meta":{"footnotes":""},"categories":[2],"tags":[172],"class_list":["post-37905","post","type-post","status-publish","format-standard","has-post-thumbnail","hentry","category-policial","tag-featured"],"amp_enabled":true,"_links":{"self":[{"href":"https:\/\/radiostudiow.com.br\/site\/wp-json\/wp\/v2\/posts\/37905","targetHints":{"allow":["GET"]}}],"collection":[{"href":"https:\/\/radiostudiow.com.br\/site\/wp-json\/wp\/v2\/posts"}],"about":[{"href":"https:\/\/radiostudiow.com.br\/site\/wp-json\/wp\/v2\/types\/post"}],"author":[{"embeddable":true,"href":"https:\/\/radiostudiow.com.br\/site\/wp-json\/wp\/v2\/users\/2"}],"replies":[{"embeddable":true,"href":"https:\/\/radiostudiow.com.br\/site\/wp-json\/wp\/v2\/comments?post=37905"}],"version-history":[{"count":1,"href":"https:\/\/radiostudiow.com.br\/site\/wp-json\/wp\/v2\/posts\/37905\/revisions"}],"predecessor-version":[{"id":37908,"href":"https:\/\/radiostudiow.com.br\/site\/wp-json\/wp\/v2\/posts\/37905\/revisions\/37908"}],"wp:featuredmedia":[{"embeddable":true,"href":"https:\/\/radiostudiow.com.br\/site\/wp-json\/wp\/v2\/media\/37907"}],"wp:attachment":[{"href":"https:\/\/radiostudiow.com.br\/site\/wp-json\/wp\/v2\/media?parent=37905"}],"wp:term":[{"taxonomy":"category","embeddable":true,"href":"https:\/\/radiostudiow.com.br\/site\/wp-json\/wp\/v2\/categories?post=37905"},{"taxonomy":"post_tag","embeddable":true,"href":"https:\/\/radiostudiow.com.br\/site\/wp-json\/wp\/v2\/tags?post=37905"}],"curies":[{"name":"wp","href":"https:\/\/api.w.org\/{rel}","templated":true}]}}