{"id":37909,"date":"2025-05-09T17:40:13","date_gmt":"2025-05-09T20:40:13","guid":{"rendered":"https:\/\/radiostudiow.com.br\/site\/?p=37909"},"modified":"2025-05-09T17:40:13","modified_gmt":"2025-05-09T20:40:13","slug":"policia-militar-de-bituruna-prende-autor-por-embriaguez-ao-volante-em-bituruna","status":"publish","type":"post","link":"https:\/\/radiostudiow.com.br\/site\/2025\/05\/09\/policia-militar-de-bituruna-prende-autor-por-embriaguez-ao-volante-em-bituruna\/","title":{"rendered":"Pol\u00edcia Militar de Bituruna prende autor por embriaguez ao volante em Bituruna"},"content":{"rendered":"\n<p>A equipe da Pol\u00edcia Militar de Bituruna atendeu a uma ocorr\u00eancia de acidente de tr\u00e2nsito envolvendo dois ve\u00edculos por volta das 18 horas dessa quinta-feira (08).<\/p>\n\n\n\n<p>De acordo com o relat\u00f3rio policial, dos ve\u00edculos cruzou a pista e colidiu com o outro, o qual transportava o condutor, sua esposa e tr\u00eas crian\u00e7as. Duas das crian\u00e7as relataram dores corporais e foram encaminhadas ao hospital.<\/p>\n\n\n\n<figure class=\"wp-block-image size-full\"><img loading=\"lazy\" decoding=\"async\" width=\"897\" height=\"204\" src=\"https:\/\/radiostudiow.com.br\/site\/wp-content\/uploads\/2025\/01\/SITE-GRANDE.png\" alt=\"\" class=\"wp-image-32809\" srcset=\"https:\/\/radiostudiow.com.br\/site\/wp-content\/uploads\/2025\/01\/SITE-GRANDE.png 897w, https:\/\/radiostudiow.com.br\/site\/wp-content\/uploads\/2025\/01\/SITE-GRANDE-300x68.png 300w, https:\/\/radiostudiow.com.br\/site\/wp-content\/uploads\/2025\/01\/SITE-GRANDE-768x175.png 768w\" sizes=\"auto, (max-width: 897px) 100vw, 897px\" \/><\/figure>\n\n\n\n<p>Durante o atendimento, populares relataram que o condutor do ve\u00edculo causador do acidente apresentava sinais de embriaguez. Submetido ao teste do etil\u00f4metro, foi aferido o valor de 0,61 mg\/L, configurando crime de tr\u00e2nsito.<\/p>\n\n\n\n<p>Ap\u00f3s receber atendimento m\u00e9dico, o autor foi conduzido \u00e0 delegacia para os procedimentos legais cab\u00edveis.<\/p>\n","protected":false},"excerpt":{"rendered":"<p>A equipe da Pol\u00edcia Militar de Bituruna atendeu a uma ocorr\u00eancia de acidente de tr\u00e2nsito envolvendo dois ve\u00edculos por volta das 18 horas dessa quinta-feira (08). De acordo com o relat\u00f3rio policial, dos ve\u00edculos cruzou a pista e colidiu com o outro, o qual transportava o condutor, sua esposa e tr\u00eas crian\u00e7as. Duas das crian\u00e7as [&hellip;]<\/p>\n","protected":false},"author":2,"featured_media":33899,"comment_status":"open","ping_status":"open","sticky":false,"template":"","format":"standard","meta":{"footnotes":""},"categories":[2],"tags":[172],"class_list":["post-37909","post","type-post","status-publish","format-standard","has-post-thumbnail","hentry","category-policial","tag-featured"],"amp_enabled":true,"_links":{"self":[{"href":"https:\/\/radiostudiow.com.br\/site\/wp-json\/wp\/v2\/posts\/37909","targetHints":{"allow":["GET"]}}],"collection":[{"href":"https:\/\/radiostudiow.com.br\/site\/wp-json\/wp\/v2\/posts"}],"about":[{"href":"https:\/\/radiostudiow.com.br\/site\/wp-json\/wp\/v2\/types\/post"}],"author":[{"embeddable":true,"href":"https:\/\/radiostudiow.com.br\/site\/wp-json\/wp\/v2\/users\/2"}],"replies":[{"embeddable":true,"href":"https:\/\/radiostudiow.com.br\/site\/wp-json\/wp\/v2\/comments?post=37909"}],"version-history":[{"count":2,"href":"https:\/\/radiostudiow.com.br\/site\/wp-json\/wp\/v2\/posts\/37909\/revisions"}],"predecessor-version":[{"id":37917,"href":"https:\/\/radiostudiow.com.br\/site\/wp-json\/wp\/v2\/posts\/37909\/revisions\/37917"}],"wp:featuredmedia":[{"embeddable":true,"href":"https:\/\/radiostudiow.com.br\/site\/wp-json\/wp\/v2\/media\/33899"}],"wp:attachment":[{"href":"https:\/\/radiostudiow.com.br\/site\/wp-json\/wp\/v2\/media?parent=37909"}],"wp:term":[{"taxonomy":"category","embeddable":true,"href":"https:\/\/radiostudiow.com.br\/site\/wp-json\/wp\/v2\/categories?post=37909"},{"taxonomy":"post_tag","embeddable":true,"href":"https:\/\/radiostudiow.com.br\/site\/wp-json\/wp\/v2\/tags?post=37909"}],"curies":[{"name":"wp","href":"https:\/\/api.w.org\/{rel}","templated":true}]}}