{"id":37922,"date":"2025-05-09T18:05:11","date_gmt":"2025-05-09T21:05:11","guid":{"rendered":"https:\/\/radiostudiow.com.br\/site\/?p=37922"},"modified":"2025-05-09T18:05:12","modified_gmt":"2025-05-09T21:05:12","slug":"prf-flagra-carga-de-postes-com-risco-de-queda-no-parana","status":"publish","type":"post","link":"https:\/\/radiostudiow.com.br\/site\/2025\/05\/09\/prf-flagra-carga-de-postes-com-risco-de-queda-no-parana\/","title":{"rendered":"PRF flagra carga de postes com risco de queda no Paran\u00e1"},"content":{"rendered":"\n<p>A equipe da Pol\u00edcia Rodovi\u00e1ria Federal (PRF) abordou dois caminh\u00f5es que transportavam postes de fibra, ap\u00f3s den\u00fancia feita por outros motoristas na BR-373, em Ponta Grossa por volta do meio dia dessa quarta-feira (08).<\/p>\n\n\n\n<p>Os ve\u00edculos, que sa\u00edram de Mandirituba (PR) com destino a Bel\u00e9m (PA) &#8211; um trecho de mais de 3 mil quil\u00f4metros -, apresentavam instabilidade na carga, que havia deslizado para o lado direito, ficando sobreposta e com iminente risco de queda.<\/p>\n\n\n\n<figure class=\"wp-block-image size-full\"><img loading=\"lazy\" decoding=\"async\" width=\"598\" height=\"204\" src=\"https:\/\/radiostudiow.com.br\/site\/wp-content\/uploads\/2025\/01\/SITE-MEDIO3.png\" alt=\"\" class=\"wp-image-32815\" srcset=\"https:\/\/radiostudiow.com.br\/site\/wp-content\/uploads\/2025\/01\/SITE-MEDIO3.png 598w, https:\/\/radiostudiow.com.br\/site\/wp-content\/uploads\/2025\/01\/SITE-MEDIO3-300x102.png 300w\" sizes=\"auto, (max-width: 598px) 100vw, 598px\" \/><\/figure>\n\n\n\n<p>Durante a fiscaliza\u00e7\u00e3o, os policiais constataram que parte da carga estava acondicionada de forma irregular nas extremidades externas dianteira e traseira do compartimento.<\/p>\n\n\n\n<p>Diante do risco \u00e0 seguran\u00e7a vi\u00e1ria, os caminh\u00f5es foram autuados por transportar carga em desacordo com a legisla\u00e7\u00e3o \u2014 com amarra\u00e7\u00e3o ineficiente ou inoperante e disposi\u00e7\u00e3o em \u00e1reas externas n\u00e3o autorizadas. Os ve\u00edculos foram recolhidos ao p\u00e1tio para que a carga fosse devidamente redistribu\u00edda e fixada de forma segura.<\/p>\n","protected":false},"excerpt":{"rendered":"<p>A equipe da Pol\u00edcia Rodovi\u00e1ria Federal (PRF) abordou dois caminh\u00f5es que transportavam postes de fibra, ap\u00f3s den\u00fancia feita por outros motoristas na BR-373, em Ponta Grossa por volta do meio dia dessa quarta-feira (08). Os ve\u00edculos, que sa\u00edram de Mandirituba (PR) com destino a Bel\u00e9m (PA) &#8211; um trecho de mais de 3 mil quil\u00f4metros [&hellip;]<\/p>\n","protected":false},"author":2,"featured_media":37923,"comment_status":"open","ping_status":"open","sticky":false,"template":"","format":"standard","meta":{"footnotes":""},"categories":[2],"tags":[172],"class_list":["post-37922","post","type-post","status-publish","format-standard","has-post-thumbnail","hentry","category-policial","tag-featured"],"amp_enabled":true,"_links":{"self":[{"href":"https:\/\/radiostudiow.com.br\/site\/wp-json\/wp\/v2\/posts\/37922","targetHints":{"allow":["GET"]}}],"collection":[{"href":"https:\/\/radiostudiow.com.br\/site\/wp-json\/wp\/v2\/posts"}],"about":[{"href":"https:\/\/radiostudiow.com.br\/site\/wp-json\/wp\/v2\/types\/post"}],"author":[{"embeddable":true,"href":"https:\/\/radiostudiow.com.br\/site\/wp-json\/wp\/v2\/users\/2"}],"replies":[{"embeddable":true,"href":"https:\/\/radiostudiow.com.br\/site\/wp-json\/wp\/v2\/comments?post=37922"}],"version-history":[{"count":1,"href":"https:\/\/radiostudiow.com.br\/site\/wp-json\/wp\/v2\/posts\/37922\/revisions"}],"predecessor-version":[{"id":37924,"href":"https:\/\/radiostudiow.com.br\/site\/wp-json\/wp\/v2\/posts\/37922\/revisions\/37924"}],"wp:featuredmedia":[{"embeddable":true,"href":"https:\/\/radiostudiow.com.br\/site\/wp-json\/wp\/v2\/media\/37923"}],"wp:attachment":[{"href":"https:\/\/radiostudiow.com.br\/site\/wp-json\/wp\/v2\/media?parent=37922"}],"wp:term":[{"taxonomy":"category","embeddable":true,"href":"https:\/\/radiostudiow.com.br\/site\/wp-json\/wp\/v2\/categories?post=37922"},{"taxonomy":"post_tag","embeddable":true,"href":"https:\/\/radiostudiow.com.br\/site\/wp-json\/wp\/v2\/tags?post=37922"}],"curies":[{"name":"wp","href":"https:\/\/api.w.org\/{rel}","templated":true}]}}