{"id":37925,"date":"2025-05-09T18:12:14","date_gmt":"2025-05-09T21:12:14","guid":{"rendered":"https:\/\/radiostudiow.com.br\/site\/?p=37925"},"modified":"2025-05-09T18:12:14","modified_gmt":"2025-05-09T21:12:14","slug":"video-acidente-entre-tres-carros-deixa-feridos-na-br-476-em-uniao-da-vitoria","status":"publish","type":"post","link":"https:\/\/radiostudiow.com.br\/site\/2025\/05\/09\/video-acidente-entre-tres-carros-deixa-feridos-na-br-476-em-uniao-da-vitoria\/","title":{"rendered":"V\u00cdDEO: Acidente entre tr\u00eas carros deixa feridos na BR-476 em Uni\u00e3o da Vit\u00f3ria"},"content":{"rendered":"\n<p>Um acidente de tr\u00e2nsito envolvendo tr\u00eas ve\u00edculos foi registrado por volta das 11h25min da manh\u00e3 desta sexta-feira, 09 de maio, na PRC-476, entrada do bairro Bom Jesus em Uni\u00e3o da Vit\u00f3ria, pr\u00f3ximo ao posto da Pol\u00edcia Militar Estadual.<\/p>\n\n\n\n<figure class=\"wp-block-image size-full\"><img loading=\"lazy\" decoding=\"async\" width=\"598\" height=\"204\" src=\"https:\/\/radiostudiow.com.br\/site\/wp-content\/uploads\/2025\/01\/SITE-MEDIO.png\" alt=\"\" class=\"wp-image-32810\" srcset=\"https:\/\/radiostudiow.com.br\/site\/wp-content\/uploads\/2025\/01\/SITE-MEDIO.png 598w, https:\/\/radiostudiow.com.br\/site\/wp-content\/uploads\/2025\/01\/SITE-MEDIO-300x102.png 300w\" sizes=\"auto, (max-width: 598px) 100vw, 598px\" \/><\/figure>\n\n\n\n<p>Os autom\u00f3veis envolvidos foram uma Renault Oroch branca, com placas de Porto Uni\u00e3o (SC), uma Towner cinza, de Porto Vit\u00f3ria (PR), e um Renault Sandero, ainda n\u00e3o identificado com mais detalhes.<\/p>\n\n\n\n<p>Um casal que ocupava a van sofreu ferimentos mais graves. Eles foram atendidos no local pelo Corpo de Bombeiros e pelo Servi\u00e7o de Atendimento M\u00f3vel de Urg\u00eancia (Samu) de Uni\u00e3o da Vit\u00f3ria e encaminhados para atendimento m\u00e9dico.<\/p>\n\n\n\n<p>As causas do acidente ainda ser\u00e3o apuradas pelas autoridades.<\/p>\n\n\n\n<p><em>Imagens: Assis, o rep\u00f3rter<\/em><\/p>\n","protected":false},"excerpt":{"rendered":"<p>Um acidente de tr\u00e2nsito envolvendo tr\u00eas ve\u00edculos foi registrado por volta das 11h25min da manh\u00e3 desta sexta-feira, 09 de maio, na PRC-476, entrada do bairro Bom Jesus em Uni\u00e3o da Vit\u00f3ria, pr\u00f3ximo ao posto da Pol\u00edcia Militar Estadual. Os autom\u00f3veis envolvidos foram uma Renault Oroch branca, com placas de Porto Uni\u00e3o (SC), uma Towner cinza, [&hellip;]<\/p>\n","protected":false},"author":2,"featured_media":37927,"comment_status":"open","ping_status":"open","sticky":false,"template":"","format":"standard","meta":{"footnotes":""},"categories":[185],"tags":[172],"class_list":["post-37925","post","type-post","status-publish","format-standard","has-post-thumbnail","hentry","category-regional","tag-featured"],"amp_enabled":true,"_links":{"self":[{"href":"https:\/\/radiostudiow.com.br\/site\/wp-json\/wp\/v2\/posts\/37925","targetHints":{"allow":["GET"]}}],"collection":[{"href":"https:\/\/radiostudiow.com.br\/site\/wp-json\/wp\/v2\/posts"}],"about":[{"href":"https:\/\/radiostudiow.com.br\/site\/wp-json\/wp\/v2\/types\/post"}],"author":[{"embeddable":true,"href":"https:\/\/radiostudiow.com.br\/site\/wp-json\/wp\/v2\/users\/2"}],"replies":[{"embeddable":true,"href":"https:\/\/radiostudiow.com.br\/site\/wp-json\/wp\/v2\/comments?post=37925"}],"version-history":[{"count":1,"href":"https:\/\/radiostudiow.com.br\/site\/wp-json\/wp\/v2\/posts\/37925\/revisions"}],"predecessor-version":[{"id":37928,"href":"https:\/\/radiostudiow.com.br\/site\/wp-json\/wp\/v2\/posts\/37925\/revisions\/37928"}],"wp:featuredmedia":[{"embeddable":true,"href":"https:\/\/radiostudiow.com.br\/site\/wp-json\/wp\/v2\/media\/37927"}],"wp:attachment":[{"href":"https:\/\/radiostudiow.com.br\/site\/wp-json\/wp\/v2\/media?parent=37925"}],"wp:term":[{"taxonomy":"category","embeddable":true,"href":"https:\/\/radiostudiow.com.br\/site\/wp-json\/wp\/v2\/categories?post=37925"},{"taxonomy":"post_tag","embeddable":true,"href":"https:\/\/radiostudiow.com.br\/site\/wp-json\/wp\/v2\/tags?post=37925"}],"curies":[{"name":"wp","href":"https:\/\/api.w.org\/{rel}","templated":true}]}}