{"id":37937,"date":"2025-05-09T18:18:05","date_gmt":"2025-05-09T21:18:05","guid":{"rendered":"https:\/\/radiostudiow.com.br\/site\/?p=37937"},"modified":"2025-05-09T18:18:06","modified_gmt":"2025-05-09T21:18:06","slug":"homem-fica-ferido-em-acidente-envolvendo-caminhao-em-inacio-martins","status":"publish","type":"post","link":"https:\/\/radiostudiow.com.br\/site\/2025\/05\/09\/homem-fica-ferido-em-acidente-envolvendo-caminhao-em-inacio-martins\/","title":{"rendered":"Homem fica ferido em acidente envolvendo caminh\u00e3o em In\u00e1cio Martins"},"content":{"rendered":"\n<p>Condutor do caminh\u00e3o de 45 anos, sem ferimentos.O passageiro de 35 anos, com ferimentos leves foi encaminhado pelo Siate para Pronto Atendimento de In\u00e1cio Martins.<\/p>\n\n\n\n<p>Um tombamento envolvendo caminh\u00e3o VW\/17.250, com placas de Jundia\u00ed, SP, nesta madrugada 09\/05, por volta das 03h00 na PR-364 km 133, em In\u00e1cio Martins. No trecho de In\u00e1cio Martins a Irati.<\/p>\n\n\n\n<figure class=\"wp-block-image size-full\"><img loading=\"lazy\" decoding=\"async\" width=\"897\" height=\"204\" src=\"https:\/\/radiostudiow.com.br\/site\/wp-content\/uploads\/2025\/03\/image-62.png\" alt=\"\" class=\"wp-image-35859\" srcset=\"https:\/\/radiostudiow.com.br\/site\/wp-content\/uploads\/2025\/03\/image-62.png 897w, https:\/\/radiostudiow.com.br\/site\/wp-content\/uploads\/2025\/03\/image-62-300x68.png 300w, https:\/\/radiostudiow.com.br\/site\/wp-content\/uploads\/2025\/03\/image-62-768x175.png 768w\" sizes=\"auto, (max-width: 897px) 100vw, 897px\" \/><\/figure>\n\n\n\n<p>Transitava o caminh\u00e3o pela rodovia no sentido de Irati a In\u00e1cio Martins e se envolveu em um sinistro com v\u00edtima ferimentos leves do tipo tombamento.<\/p>\n\n\n\n<p>Do acidente resultou em dano materiais no caminh\u00e3o e ferimentos leves em seu passageiro o qual, foi encaminhado at\u00e9 o Pronto Atendimento de In\u00e1cio Martins pela equipe do Siate.<\/p>\n\n\n\n<p><em>Informa\u00e7\u00f5es e Imagem PRE<br>Colabora\u00e7\u00e3o Rep\u00f3rter Kiko de Oliveira<\/em><\/p>\n","protected":false},"excerpt":{"rendered":"<p>Condutor do caminh\u00e3o de 45 anos, sem ferimentos.O passageiro de 35 anos, com ferimentos leves foi encaminhado pelo Siate para Pronto Atendimento de In\u00e1cio Martins. Um tombamento envolvendo caminh\u00e3o VW\/17.250, com placas de Jundia\u00ed, SP, nesta madrugada 09\/05, por volta das 03h00 na PR-364 km 133, em In\u00e1cio Martins. No trecho de In\u00e1cio Martins a [&hellip;]<\/p>\n","protected":false},"author":2,"featured_media":37938,"comment_status":"open","ping_status":"open","sticky":false,"template":"","format":"standard","meta":{"footnotes":""},"categories":[185],"tags":[172],"class_list":["post-37937","post","type-post","status-publish","format-standard","has-post-thumbnail","hentry","category-regional","tag-featured"],"amp_enabled":true,"_links":{"self":[{"href":"https:\/\/radiostudiow.com.br\/site\/wp-json\/wp\/v2\/posts\/37937","targetHints":{"allow":["GET"]}}],"collection":[{"href":"https:\/\/radiostudiow.com.br\/site\/wp-json\/wp\/v2\/posts"}],"about":[{"href":"https:\/\/radiostudiow.com.br\/site\/wp-json\/wp\/v2\/types\/post"}],"author":[{"embeddable":true,"href":"https:\/\/radiostudiow.com.br\/site\/wp-json\/wp\/v2\/users\/2"}],"replies":[{"embeddable":true,"href":"https:\/\/radiostudiow.com.br\/site\/wp-json\/wp\/v2\/comments?post=37937"}],"version-history":[{"count":1,"href":"https:\/\/radiostudiow.com.br\/site\/wp-json\/wp\/v2\/posts\/37937\/revisions"}],"predecessor-version":[{"id":37939,"href":"https:\/\/radiostudiow.com.br\/site\/wp-json\/wp\/v2\/posts\/37937\/revisions\/37939"}],"wp:featuredmedia":[{"embeddable":true,"href":"https:\/\/radiostudiow.com.br\/site\/wp-json\/wp\/v2\/media\/37938"}],"wp:attachment":[{"href":"https:\/\/radiostudiow.com.br\/site\/wp-json\/wp\/v2\/media?parent=37937"}],"wp:term":[{"taxonomy":"category","embeddable":true,"href":"https:\/\/radiostudiow.com.br\/site\/wp-json\/wp\/v2\/categories?post=37937"},{"taxonomy":"post_tag","embeddable":true,"href":"https:\/\/radiostudiow.com.br\/site\/wp-json\/wp\/v2\/tags?post=37937"}],"curies":[{"name":"wp","href":"https:\/\/api.w.org\/{rel}","templated":true}]}}