{"id":37944,"date":"2025-05-09T18:25:01","date_gmt":"2025-05-09T21:25:01","guid":{"rendered":"https:\/\/radiostudiow.com.br\/site\/?p=37944"},"modified":"2025-05-09T18:25:02","modified_gmt":"2025-05-09T21:25:02","slug":"adolescentes-sao-atendidas-pelos-bombeiros-em-estado-de-coma-alcoolico-em-uniao-da-vitoria","status":"publish","type":"post","link":"https:\/\/radiostudiow.com.br\/site\/2025\/05\/09\/adolescentes-sao-atendidas-pelos-bombeiros-em-estado-de-coma-alcoolico-em-uniao-da-vitoria\/","title":{"rendered":"Adolescentes s\u00e3o atendidas pelos bombeiros em estado de coma alco\u00f3lico em Uni\u00e3o da Vit\u00f3ria"},"content":{"rendered":"\n<p>Duas adolescentes, ambas com\u00a015 anos foram socorridas pelo Corpo de Bombeiros por volta das 17h30min dessa quinta-feira, 08 de maio, com sinais evidentes de embriaguez, em estado de\u00a0coma alco\u00f3lico\u00a0em Uni\u00e3o da Vit\u00f3ria.<\/p>\n\n\n\n<p>De acordo com as informa\u00e7\u00f5es repassadas pelos bombeiros, o atendimento ocorreu na Rua Dem\u00e9trio Sokolowski, nas proximidades da rodovi\u00e1ria da cidade.<\/p>\n\n\n\n<figure class=\"wp-block-image size-full\"><img loading=\"lazy\" decoding=\"async\" width=\"300\" height=\"180\" src=\"https:\/\/radiostudiow.com.br\/site\/wp-content\/uploads\/2025\/04\/gifpequeno.gif\" alt=\"\" class=\"wp-image-37405\"\/><\/figure>\n\n\n\n<p>No local encontraram as duas jovens com forte odor et\u00edlico. Diante da situa\u00e7\u00e3o, elas receberam os primeiros atendimentos e foram encaminhadas ao UPA para cuidados m\u00e9dicos.<\/p>\n\n\n\n<p>O\u00a0Conselho Tutelar tamb\u00e9m foi acionado\u00a0para acompanhar o caso e tomar as provid\u00eancias cab\u00edveis quanto \u00e0 prote\u00e7\u00e3o das menores e apura\u00e7\u00e3o das circunst\u00e2ncias que levaram \u00e0 ingest\u00e3o de bebida alco\u00f3lica<\/p>\n\n\n\n<p>As autoridades devem investigar como as adolescentes tiveram acesso ao \u00e1lcool e se h\u00e1 respons\u00e1veis envolvidos.<\/p>\n\n\n\n<p><em>Com informa\u00e7\u00f5es VVale<\/em><\/p>\n","protected":false},"excerpt":{"rendered":"<p>Duas adolescentes, ambas com\u00a015 anos foram socorridas pelo Corpo de Bombeiros por volta das 17h30min dessa quinta-feira, 08 de maio, com sinais evidentes de embriaguez, em estado de\u00a0coma alco\u00f3lico\u00a0em Uni\u00e3o da Vit\u00f3ria. De acordo com as informa\u00e7\u00f5es repassadas pelos bombeiros, o atendimento ocorreu na Rua Dem\u00e9trio Sokolowski, nas proximidades da rodovi\u00e1ria da cidade. No local [&hellip;]<\/p>\n","protected":false},"author":2,"featured_media":37945,"comment_status":"open","ping_status":"open","sticky":false,"template":"","format":"standard","meta":{"footnotes":""},"categories":[2],"tags":[172],"class_list":["post-37944","post","type-post","status-publish","format-standard","has-post-thumbnail","hentry","category-policial","tag-featured"],"amp_enabled":true,"_links":{"self":[{"href":"https:\/\/radiostudiow.com.br\/site\/wp-json\/wp\/v2\/posts\/37944","targetHints":{"allow":["GET"]}}],"collection":[{"href":"https:\/\/radiostudiow.com.br\/site\/wp-json\/wp\/v2\/posts"}],"about":[{"href":"https:\/\/radiostudiow.com.br\/site\/wp-json\/wp\/v2\/types\/post"}],"author":[{"embeddable":true,"href":"https:\/\/radiostudiow.com.br\/site\/wp-json\/wp\/v2\/users\/2"}],"replies":[{"embeddable":true,"href":"https:\/\/radiostudiow.com.br\/site\/wp-json\/wp\/v2\/comments?post=37944"}],"version-history":[{"count":1,"href":"https:\/\/radiostudiow.com.br\/site\/wp-json\/wp\/v2\/posts\/37944\/revisions"}],"predecessor-version":[{"id":37946,"href":"https:\/\/radiostudiow.com.br\/site\/wp-json\/wp\/v2\/posts\/37944\/revisions\/37946"}],"wp:featuredmedia":[{"embeddable":true,"href":"https:\/\/radiostudiow.com.br\/site\/wp-json\/wp\/v2\/media\/37945"}],"wp:attachment":[{"href":"https:\/\/radiostudiow.com.br\/site\/wp-json\/wp\/v2\/media?parent=37944"}],"wp:term":[{"taxonomy":"category","embeddable":true,"href":"https:\/\/radiostudiow.com.br\/site\/wp-json\/wp\/v2\/categories?post=37944"},{"taxonomy":"post_tag","embeddable":true,"href":"https:\/\/radiostudiow.com.br\/site\/wp-json\/wp\/v2\/tags?post=37944"}],"curies":[{"name":"wp","href":"https:\/\/api.w.org\/{rel}","templated":true}]}}