{"id":37960,"date":"2025-05-09T22:46:12","date_gmt":"2025-05-10T01:46:12","guid":{"rendered":"https:\/\/radiostudiow.com.br\/site\/?p=37960"},"modified":"2025-05-09T22:56:12","modified_gmt":"2025-05-10T01:56:12","slug":"policia-militar-de-paulo-frontin-prende-duas-pessoas-por-trafico-de-drogas-com-mais-de-15-kg-de-maconha","status":"publish","type":"post","link":"https:\/\/radiostudiow.com.br\/site\/2025\/05\/09\/policia-militar-de-paulo-frontin-prende-duas-pessoas-por-trafico-de-drogas-com-mais-de-15-kg-de-maconha\/","title":{"rendered":"Pol\u00edcia Militar de Paulo Frontin prende duas pessoas por tr\u00e1fico de drogas com mais de 1,5 kg de maconha"},"content":{"rendered":"\n<p><\/p>\n\n\n\n<figure class=\"wp-block-image size-full\"><img loading=\"lazy\" decoding=\"async\" width=\"598\" height=\"204\" src=\"https:\/\/radiostudiow.com.br\/site\/wp-content\/uploads\/2025\/05\/POLAK.png\" alt=\"\" class=\"wp-image-37847\" srcset=\"https:\/\/radiostudiow.com.br\/site\/wp-content\/uploads\/2025\/05\/POLAK.png 598w, https:\/\/radiostudiow.com.br\/site\/wp-content\/uploads\/2025\/05\/POLAK-300x102.png 300w\" sizes=\"auto, (max-width: 598px) 100vw, 598px\" \/><\/figure>\n\n\n\n<p><\/p>\n\n\n\n<p>Dois indiv\u00edduos foram presos por tr\u00e1fico de drogas na noite desta quinta-feira (08), no centro de Paulo Frontin, ap\u00f3s uma abordagem realizada pela Pol\u00edcia Militar.<\/p>\n\n\n\n<p>A a\u00e7\u00e3o resultou na apreens\u00e3o de 1,563 quilo de maconha e uma por\u00e7\u00e3o de subst\u00e2ncia an\u00e1loga \u00e0 coca\u00edna.<\/p>\n\n\n\n<p><br><strong>Por volta das 19h, durante patrulhamento de rotina, a equipe policial percebeu um ve\u00edculo em atitude suspeita. Ao avistar a viatura, o motorista tentou se ocultar atr\u00e1s de uma carreta, levantando suspeitas.<br>Com o apoio de uma segunda equipe policial, foi realizada a abordagem do autom\u00f3vel.<\/strong><\/p>\n\n\n\n<p><\/p>\n\n\n\n<p><strong> <\/strong>Durante a revista, os policiais localizaram um inv\u00f3lucro com subst\u00e2ncia semelhante \u00e0 coca\u00edna escondido sob o cap\u00f4 do carro. Al\u00e9m disso, 1,563 kg de maconha foram encontrados com os suspeitos.<\/p>\n\n\n\n<figure class=\"wp-block-image size-full\"><img loading=\"lazy\" decoding=\"async\" width=\"897\" height=\"204\" src=\"https:\/\/radiostudiow.com.br\/site\/wp-content\/uploads\/2025\/03\/SITE-GRANDE5.png\" alt=\"\" class=\"wp-image-35420\" srcset=\"https:\/\/radiostudiow.com.br\/site\/wp-content\/uploads\/2025\/03\/SITE-GRANDE5.png 897w, https:\/\/radiostudiow.com.br\/site\/wp-content\/uploads\/2025\/03\/SITE-GRANDE5-300x68.png 300w, https:\/\/radiostudiow.com.br\/site\/wp-content\/uploads\/2025\/03\/SITE-GRANDE5-768x175.png 768w\" sizes=\"auto, (max-width: 897px) 100vw, 897px\" \/><\/figure>\n\n\n\n<p><\/p>\n\n\n\n<p>Os ocupantes do ve\u00edculo foram detidos e encaminhados \u00e0 Delegacia de Pol\u00edcia Civil de Uni\u00e3o da Vit\u00f3ria para os procedimentos legais.<\/p>\n\n\n\n<p>\u00c9 o trabalho dos policiais do 27\u00ba BPM de Paulo Frontin no combate ao tr\u00e1fico de drogas na regi\u00e3o.<\/p>\n\n\n\n<p>FONTE: 27\u00ba BPM DE PAULO FRONTIN<\/p>\n","protected":false},"excerpt":{"rendered":"<p>Dois indiv\u00edduos foram presos por tr\u00e1fico de drogas na noite desta quinta-feira (08), no centro de Paulo Frontin, ap\u00f3s uma abordagem realizada pela Pol\u00edcia Militar. A a\u00e7\u00e3o resultou na apreens\u00e3o de 1,563 quilo de maconha e uma por\u00e7\u00e3o de subst\u00e2ncia an\u00e1loga \u00e0 coca\u00edna. Por volta das 19h, durante patrulhamento de rotina, a equipe policial percebeu [&hellip;]<\/p>\n","protected":false},"author":2,"featured_media":34756,"comment_status":"open","ping_status":"open","sticky":false,"template":"","format":"standard","meta":{"footnotes":""},"categories":[2],"tags":[172],"class_list":["post-37960","post","type-post","status-publish","format-standard","has-post-thumbnail","hentry","category-policial","tag-featured"],"amp_enabled":true,"_links":{"self":[{"href":"https:\/\/radiostudiow.com.br\/site\/wp-json\/wp\/v2\/posts\/37960","targetHints":{"allow":["GET"]}}],"collection":[{"href":"https:\/\/radiostudiow.com.br\/site\/wp-json\/wp\/v2\/posts"}],"about":[{"href":"https:\/\/radiostudiow.com.br\/site\/wp-json\/wp\/v2\/types\/post"}],"author":[{"embeddable":true,"href":"https:\/\/radiostudiow.com.br\/site\/wp-json\/wp\/v2\/users\/2"}],"replies":[{"embeddable":true,"href":"https:\/\/radiostudiow.com.br\/site\/wp-json\/wp\/v2\/comments?post=37960"}],"version-history":[{"count":2,"href":"https:\/\/radiostudiow.com.br\/site\/wp-json\/wp\/v2\/posts\/37960\/revisions"}],"predecessor-version":[{"id":37963,"href":"https:\/\/radiostudiow.com.br\/site\/wp-json\/wp\/v2\/posts\/37960\/revisions\/37963"}],"wp:featuredmedia":[{"embeddable":true,"href":"https:\/\/radiostudiow.com.br\/site\/wp-json\/wp\/v2\/media\/34756"}],"wp:attachment":[{"href":"https:\/\/radiostudiow.com.br\/site\/wp-json\/wp\/v2\/media?parent=37960"}],"wp:term":[{"taxonomy":"category","embeddable":true,"href":"https:\/\/radiostudiow.com.br\/site\/wp-json\/wp\/v2\/categories?post=37960"},{"taxonomy":"post_tag","embeddable":true,"href":"https:\/\/radiostudiow.com.br\/site\/wp-json\/wp\/v2\/tags?post=37960"}],"curies":[{"name":"wp","href":"https:\/\/api.w.org\/{rel}","templated":true}]}}