{"id":37964,"date":"2025-05-09T23:11:52","date_gmt":"2025-05-10T02:11:52","guid":{"rendered":"https:\/\/radiostudiow.com.br\/site\/?p=37964"},"modified":"2025-05-09T23:15:36","modified_gmt":"2025-05-10T02:15:36","slug":"motociclista-morre-em-grave-acidente-na-entrada-do-bairro-bom-jesus-em-uniao-da-vitoria","status":"publish","type":"post","link":"https:\/\/radiostudiow.com.br\/site\/2025\/05\/09\/motociclista-morre-em-grave-acidente-na-entrada-do-bairro-bom-jesus-em-uniao-da-vitoria\/","title":{"rendered":"Motociclista morre em grave acidente na entrada do bairro Bom Jesus, em Uni\u00e3o da Vit\u00f3ria"},"content":{"rendered":"\n<figure class=\"wp-block-image size-full\"><img loading=\"lazy\" decoding=\"async\" width=\"897\" height=\"204\" src=\"https:\/\/radiostudiow.com.br\/site\/wp-content\/uploads\/2025\/02\/SITE-GRANDE7.png\" alt=\"\" class=\"wp-image-33861\" srcset=\"https:\/\/radiostudiow.com.br\/site\/wp-content\/uploads\/2025\/02\/SITE-GRANDE7.png 897w, https:\/\/radiostudiow.com.br\/site\/wp-content\/uploads\/2025\/02\/SITE-GRANDE7-300x68.png 300w, https:\/\/radiostudiow.com.br\/site\/wp-content\/uploads\/2025\/02\/SITE-GRANDE7-768x175.png 768w\" sizes=\"auto, (max-width: 897px) 100vw, 897px\" \/><\/figure>\n\n\n\n<p><\/p>\n\n\n\n<h2 class=\"wp-block-heading\">Identificado como Jean Vin\u00edcius Schmitt a v\u00edtima fatal do acidente ocorrido no inicio da noite desta sexta-feira dia 09 de maio em Uni\u00e3o da Vit\u00f3ria.<\/h2>\n\n\n\n<p><\/p>\n\n\n\n<p>Um grave acidente registrado no in\u00edcio da noite desta sexta-feira (09), resultou na morte de um motociclista identificado como Jean Vin\u00edcius Schmitt. O fato ocorreu na entrada que d\u00e1 acesso ao Bairro Bom Jesus, em Uni\u00e3o da Vit\u00f3ria.<\/p>\n\n\n\n<figure class=\"wp-block-image size-full\"><img loading=\"lazy\" decoding=\"async\" width=\"691\" height=\"458\" src=\"https:\/\/radiostudiow.com.br\/site\/wp-content\/uploads\/2025\/05\/Captura-de-tela-2025-05-09-194808.png\" alt=\"\" class=\"wp-image-37965\" srcset=\"https:\/\/radiostudiow.com.br\/site\/wp-content\/uploads\/2025\/05\/Captura-de-tela-2025-05-09-194808.png 691w, https:\/\/radiostudiow.com.br\/site\/wp-content\/uploads\/2025\/05\/Captura-de-tela-2025-05-09-194808-300x199.png 300w\" sizes=\"auto, (max-width: 691px) 100vw, 691px\" \/><\/figure>\n\n\n\n<h2 class=\"wp-block-heading\">Segundo informa\u00e7\u00f5es, ele trabalhava em uma empresa pr\u00f3ximo ao Detran e poss\u00edvelmente pelo hor\u00e1rio da colis\u00e3o estava retornando para casa.<\/h2>\n\n\n\n<p><\/p>\n\n\n\n<p><strong>A colis\u00e3o envolveu uma motocicleta com placas de Uni\u00e3o da Vit\u00f3ria e um ve\u00edculo Ford Fusion com placas de Porto Uni\u00e3o.<\/strong><\/p>\n\n\n\n<p><br>De acordo com informa\u00e7\u00f5es preliminares, o impacto foi t\u00e3o severo que o condutor da moto morreu ainda no local do acidente. Equipes do Servi\u00e7o de Atendimento M\u00f3vel de Urg\u00eancia (SAMU) prestaram socorro \u00e0 motorista do autom\u00f3vel, que foi encaminhada ao Hospital Regional de Uni\u00e3o da Vit\u00f3ria para avalia\u00e7\u00e3o m\u00e9dica.<\/p>\n\n\n\n<p><\/p>\n\n\n\n<figure class=\"wp-block-image size-large\"><img loading=\"lazy\" decoding=\"async\" width=\"1024\" height=\"577\" src=\"https:\/\/radiostudiow.com.br\/site\/wp-content\/uploads\/2025\/05\/Extreme-Celulares-1024x577.png\" alt=\"\" class=\"wp-image-37819\" srcset=\"https:\/\/radiostudiow.com.br\/site\/wp-content\/uploads\/2025\/05\/Extreme-Celulares-1024x577.png 1024w, https:\/\/radiostudiow.com.br\/site\/wp-content\/uploads\/2025\/05\/Extreme-Celulares-300x169.png 300w, https:\/\/radiostudiow.com.br\/site\/wp-content\/uploads\/2025\/05\/Extreme-Celulares-768x433.png 768w, https:\/\/radiostudiow.com.br\/site\/wp-content\/uploads\/2025\/05\/Extreme-Celulares.png 1076w\" sizes=\"auto, (max-width: 1024px) 100vw, 1024px\" \/><\/figure>\n\n\n\n<p><strong>O local do acidente j\u00e1 havia sido palco de outra colis\u00e3o durante a manh\u00e3, o que refor\u00e7a a preocupa\u00e7\u00e3o com a seguran\u00e7a na via.<br>As circunst\u00e2ncias da colis\u00e3o fatal est\u00e3o sendo apuradas pelas autoridades competentes.<\/strong><\/p>\n\n\n\n<p><\/p>\n\n\n\n<p><\/p>\n\n\n\n<h2 class=\"wp-block-heading\">Fonte e foto: VVale e Rep\u00f3rter Tiago Amaral<\/h2>\n\n\n\n<p><\/p>\n","protected":false},"excerpt":{"rendered":"<p>Identificado como Jean Vin\u00edcius Schmitt a v\u00edtima fatal do acidente ocorrido no inicio da noite desta sexta-feira dia 09 de maio em Uni\u00e3o da Vit\u00f3ria. Um grave acidente registrado no in\u00edcio da noite desta sexta-feira (09), resultou na morte de um motociclista identificado como Jean Vin\u00edcius Schmitt. O fato ocorreu na entrada que d\u00e1 acesso [&hellip;]<\/p>\n","protected":false},"author":2,"featured_media":37966,"comment_status":"open","ping_status":"open","sticky":false,"template":"","format":"standard","meta":{"footnotes":""},"categories":[185],"tags":[172],"class_list":["post-37964","post","type-post","status-publish","format-standard","has-post-thumbnail","hentry","category-regional","tag-featured"],"amp_enabled":true,"_links":{"self":[{"href":"https:\/\/radiostudiow.com.br\/site\/wp-json\/wp\/v2\/posts\/37964","targetHints":{"allow":["GET"]}}],"collection":[{"href":"https:\/\/radiostudiow.com.br\/site\/wp-json\/wp\/v2\/posts"}],"about":[{"href":"https:\/\/radiostudiow.com.br\/site\/wp-json\/wp\/v2\/types\/post"}],"author":[{"embeddable":true,"href":"https:\/\/radiostudiow.com.br\/site\/wp-json\/wp\/v2\/users\/2"}],"replies":[{"embeddable":true,"href":"https:\/\/radiostudiow.com.br\/site\/wp-json\/wp\/v2\/comments?post=37964"}],"version-history":[{"count":2,"href":"https:\/\/radiostudiow.com.br\/site\/wp-json\/wp\/v2\/posts\/37964\/revisions"}],"predecessor-version":[{"id":37968,"href":"https:\/\/radiostudiow.com.br\/site\/wp-json\/wp\/v2\/posts\/37964\/revisions\/37968"}],"wp:featuredmedia":[{"embeddable":true,"href":"https:\/\/radiostudiow.com.br\/site\/wp-json\/wp\/v2\/media\/37966"}],"wp:attachment":[{"href":"https:\/\/radiostudiow.com.br\/site\/wp-json\/wp\/v2\/media?parent=37964"}],"wp:term":[{"taxonomy":"category","embeddable":true,"href":"https:\/\/radiostudiow.com.br\/site\/wp-json\/wp\/v2\/categories?post=37964"},{"taxonomy":"post_tag","embeddable":true,"href":"https:\/\/radiostudiow.com.br\/site\/wp-json\/wp\/v2\/tags?post=37964"}],"curies":[{"name":"wp","href":"https:\/\/api.w.org\/{rel}","templated":true}]}}