{"id":37969,"date":"2025-05-10T10:50:59","date_gmt":"2025-05-10T13:50:59","guid":{"rendered":"https:\/\/radiostudiow.com.br\/site\/?p=37969"},"modified":"2025-05-10T10:51:00","modified_gmt":"2025-05-10T13:51:00","slug":"policia-militar-apreende-motocicleta-com-chassi-adulterado-no-centro-de-cruz-machado","status":"publish","type":"post","link":"https:\/\/radiostudiow.com.br\/site\/2025\/05\/10\/policia-militar-apreende-motocicleta-com-chassi-adulterado-no-centro-de-cruz-machado\/","title":{"rendered":"Pol\u00edcia Militar apreende motocicleta com chassi adulterado no centro de Cruz Machado"},"content":{"rendered":"\n<figure class=\"wp-block-image size-full\"><img loading=\"lazy\" decoding=\"async\" width=\"897\" height=\"204\" src=\"https:\/\/radiostudiow.com.br\/site\/wp-content\/uploads\/2025\/03\/SITE-GRANDE5.png\" alt=\"\" class=\"wp-image-35420\" srcset=\"https:\/\/radiostudiow.com.br\/site\/wp-content\/uploads\/2025\/03\/SITE-GRANDE5.png 897w, https:\/\/radiostudiow.com.br\/site\/wp-content\/uploads\/2025\/03\/SITE-GRANDE5-300x68.png 300w, https:\/\/radiostudiow.com.br\/site\/wp-content\/uploads\/2025\/03\/SITE-GRANDE5-768x175.png 768w\" sizes=\"auto, (max-width: 897px) 100vw, 897px\" \/><\/figure>\n\n\n\n<p><\/p>\n\n\n\n<p>Uma motocicleta com sinais de adultera\u00e7\u00e3o foi apreendida pela Pol\u00edcia Militar na manh\u00e3 desta sexta-feira (09), durante patrulhamento de rotina no centro da cidade. <\/p>\n\n\n\n<p>O caso foi registrado nas proximidades da Pra\u00e7a Papa Pio XII, por volta das 10h.<\/p>\n\n\n\n<p>Segundo informa\u00e7\u00f5es da Policia Militar, os agentes avistaram uma motocicleta vermelha, sem placa e com dois ocupantes, trafegando de forma suspeita. <\/p>\n\n\n\n<p>Ao perceberem a presen\u00e7a da viatura, os condutores aumentaram a velocidade e realizaram manobras perigosas, incluindo ultrapassagens for\u00e7adas, colocando em risco a integridade de pedestres e demais motoristas que circulavam pela regi\u00e3o central.<\/p>\n\n\n\n<figure class=\"wp-block-image size-full\"><img loading=\"lazy\" decoding=\"async\" width=\"897\" height=\"204\" src=\"https:\/\/radiostudiow.com.br\/site\/wp-content\/uploads\/2024\/01\/SITE-GRANDE3.png\" alt=\"zaions\" class=\"wp-image-18936\" srcset=\"https:\/\/radiostudiow.com.br\/site\/wp-content\/uploads\/2024\/01\/SITE-GRANDE3.png 897w, https:\/\/radiostudiow.com.br\/site\/wp-content\/uploads\/2024\/01\/SITE-GRANDE3-300x68.png 300w, https:\/\/radiostudiow.com.br\/site\/wp-content\/uploads\/2024\/01\/SITE-GRANDE3-768x175.png 768w\" sizes=\"auto, (max-width: 897px) 100vw, 897px\" \/><\/figure>\n\n\n\n<p><\/p>\n\n\n\n<p>A equipe policial conseguiu realizar a abordagem e, durante verifica\u00e7\u00e3o no sistema informatizado, constatou que havia diverg\u00eancia entre o n\u00famero do motor e o n\u00famero do chassi da motocicleta \u2014 ind\u00edcio claro de adultera\u00e7\u00e3o.<\/p>\n\n\n\n<p>Diante da irregularidade, o ve\u00edculo foi apreendido e encaminhado \u00e0 Delegacia da Pol\u00edcia Civil de Uni\u00e3o da Vit\u00f3ria, onde ser\u00e3o tomadas as provid\u00eancias cab\u00edveis.<\/p>\n\n\n\n<figure class=\"wp-block-image size-full\"><img loading=\"lazy\" decoding=\"async\" width=\"598\" height=\"204\" src=\"https:\/\/radiostudiow.com.br\/site\/wp-content\/uploads\/2025\/01\/SITE-MEDIO7.png\" alt=\"\" class=\"wp-image-32801\" srcset=\"https:\/\/radiostudiow.com.br\/site\/wp-content\/uploads\/2025\/01\/SITE-MEDIO7.png 598w, https:\/\/radiostudiow.com.br\/site\/wp-content\/uploads\/2025\/01\/SITE-MEDIO7-300x102.png 300w\" sizes=\"auto, (max-width: 598px) 100vw, 598px\" \/><\/figure>\n\n\n\n<p><\/p>\n\n\n\n<p><strong>Fonte: 27\u00ba BPM<\/strong><\/p>\n\n\n\n<p><\/p>\n","protected":false},"excerpt":{"rendered":"<p>Uma motocicleta com sinais de adultera\u00e7\u00e3o foi apreendida pela Pol\u00edcia Militar na manh\u00e3 desta sexta-feira (09), durante patrulhamento de rotina no centro da cidade. O caso foi registrado nas proximidades da Pra\u00e7a Papa Pio XII, por volta das 10h. Segundo informa\u00e7\u00f5es da Policia Militar, os agentes avistaram uma motocicleta vermelha, sem placa e com dois [&hellip;]<\/p>\n","protected":false},"author":2,"featured_media":34477,"comment_status":"open","ping_status":"open","sticky":false,"template":"","format":"standard","meta":{"footnotes":""},"categories":[185],"tags":[172],"class_list":["post-37969","post","type-post","status-publish","format-standard","has-post-thumbnail","hentry","category-regional","tag-featured"],"amp_enabled":true,"_links":{"self":[{"href":"https:\/\/radiostudiow.com.br\/site\/wp-json\/wp\/v2\/posts\/37969","targetHints":{"allow":["GET"]}}],"collection":[{"href":"https:\/\/radiostudiow.com.br\/site\/wp-json\/wp\/v2\/posts"}],"about":[{"href":"https:\/\/radiostudiow.com.br\/site\/wp-json\/wp\/v2\/types\/post"}],"author":[{"embeddable":true,"href":"https:\/\/radiostudiow.com.br\/site\/wp-json\/wp\/v2\/users\/2"}],"replies":[{"embeddable":true,"href":"https:\/\/radiostudiow.com.br\/site\/wp-json\/wp\/v2\/comments?post=37969"}],"version-history":[{"count":2,"href":"https:\/\/radiostudiow.com.br\/site\/wp-json\/wp\/v2\/posts\/37969\/revisions"}],"predecessor-version":[{"id":37972,"href":"https:\/\/radiostudiow.com.br\/site\/wp-json\/wp\/v2\/posts\/37969\/revisions\/37972"}],"wp:featuredmedia":[{"embeddable":true,"href":"https:\/\/radiostudiow.com.br\/site\/wp-json\/wp\/v2\/media\/34477"}],"wp:attachment":[{"href":"https:\/\/radiostudiow.com.br\/site\/wp-json\/wp\/v2\/media?parent=37969"}],"wp:term":[{"taxonomy":"category","embeddable":true,"href":"https:\/\/radiostudiow.com.br\/site\/wp-json\/wp\/v2\/categories?post=37969"},{"taxonomy":"post_tag","embeddable":true,"href":"https:\/\/radiostudiow.com.br\/site\/wp-json\/wp\/v2\/tags?post=37969"}],"curies":[{"name":"wp","href":"https:\/\/api.w.org\/{rel}","templated":true}]}}