{"id":37977,"date":"2025-05-10T15:45:08","date_gmt":"2025-05-10T18:45:08","guid":{"rendered":"https:\/\/radiostudiow.com.br\/site\/?p=37977"},"modified":"2025-05-10T15:48:57","modified_gmt":"2025-05-10T18:48:57","slug":"homem-agride-funcionaria-de-clinica-veterinaria-com-socos-e-ameaca-com-canivete-em-uniao-da-vitoria","status":"publish","type":"post","link":"https:\/\/radiostudiow.com.br\/site\/2025\/05\/10\/homem-agride-funcionaria-de-clinica-veterinaria-com-socos-e-ameaca-com-canivete-em-uniao-da-vitoria\/","title":{"rendered":"Homem agride funcion\u00e1ria de cl\u00ednica veterin\u00e1ria com socos e amea\u00e7a com canivete em Uni\u00e3o da Vit\u00f3ria"},"content":{"rendered":"\n<p> <\/p>\n\n\n\n<figure class=\"wp-block-image size-full\"><img loading=\"lazy\" decoding=\"async\" width=\"897\" height=\"204\" src=\"https:\/\/radiostudiow.com.br\/site\/wp-content\/uploads\/2025\/03\/BARAO-NOVO-NOTICIAS-1.jpg\" alt=\"\" class=\"wp-image-35084\" srcset=\"https:\/\/radiostudiow.com.br\/site\/wp-content\/uploads\/2025\/03\/BARAO-NOVO-NOTICIAS-1.jpg 897w, https:\/\/radiostudiow.com.br\/site\/wp-content\/uploads\/2025\/03\/BARAO-NOVO-NOTICIAS-1-300x68.jpg 300w, https:\/\/radiostudiow.com.br\/site\/wp-content\/uploads\/2025\/03\/BARAO-NOVO-NOTICIAS-1-768x175.jpg 768w\" sizes=\"auto, (max-width: 897px) 100vw, 897px\" \/><\/figure>\n\n\n\n<p><\/p>\n\n\n\n<p>Uma funcion\u00e1ria de uma cl\u00ednica veterin\u00e1ria foi agredida e amea\u00e7ada com um canivete na manh\u00e3 desta sexta-feira (9), no bairro S\u00e3o Bas\u00edlio Magno. O caso foi registrado por volta das 8h30, em frente ao estabelecimento onde a v\u00edtima trabalha.<\/p>\n\n\n\n<p><strong>De acordo com informa\u00e7\u00f5es da Pol\u00edcia Militar, o agressor chegou ao local exigindo atendimento imediato para seu animal de estima\u00e7\u00e3o, um gato. Ao ser informado de que a cl\u00ednica ainda n\u00e3o havia aberto \u2013 uma vez que o hor\u00e1rio de funcionamento iniciava \u00e0s 8h30 \u2013 o homem se irritou, passou a fazer amea\u00e7as verbais e afirmou que \u201cquebraria tudo\u201d caso n\u00e3o fosse atendido.<\/strong><\/p>\n\n\n\n<p>Na sequ\u00eancia, ele sacou um canivete e impediu a funcion\u00e1ria de acionar a PM. Al\u00e9m das amea\u00e7as, o homem partiu para a agress\u00e3o f\u00edsica, desferindo socos contra o rosto da v\u00edtima.<\/p>\n\n\n\n<p><\/p>\n\n\n\n<figure class=\"wp-block-image size-large\"><img loading=\"lazy\" decoding=\"async\" width=\"1024\" height=\"577\" src=\"https:\/\/radiostudiow.com.br\/site\/wp-content\/uploads\/2025\/05\/Extreme-Celulares-1024x577.png\" alt=\"\" class=\"wp-image-37819\" srcset=\"https:\/\/radiostudiow.com.br\/site\/wp-content\/uploads\/2025\/05\/Extreme-Celulares-1024x577.png 1024w, https:\/\/radiostudiow.com.br\/site\/wp-content\/uploads\/2025\/05\/Extreme-Celulares-300x169.png 300w, https:\/\/radiostudiow.com.br\/site\/wp-content\/uploads\/2025\/05\/Extreme-Celulares-768x433.png 768w, https:\/\/radiostudiow.com.br\/site\/wp-content\/uploads\/2025\/05\/Extreme-Celulares.png 1076w\" sizes=\"auto, (max-width: 1024px) 100vw, 1024px\" \/><\/figure>\n\n\n\n<p><\/p>\n\n\n\n<p>A equipe policial foi acionada e realizou buscas na regi\u00e3o, conseguindo localizar o suspeito. Com ele, foi apreendido o canivete usado nas amea\u00e7as, com l\u00e2mina superior a 10 cent\u00edmetros.<\/p>\n\n\n\n<p>O agressor recebeu voz de pris\u00e3o e foi encaminhado, junto com a v\u00edtima, \u00e0 Unidade de Pronto Atendimento (UPA 24h) para avalia\u00e7\u00e3o m\u00e9dica. Ap\u00f3s os atendimentos, ambos foram levados \u00e0 4\u00aa Subdivis\u00e3o Policial de Uni\u00e3o da Vit\u00f3ria, onde o caso foi formalizado e segue sob investiga\u00e7\u00e3o da autoridade policial.<\/p>\n\n\n\n<p>A Pol\u00edcia Militar refor\u00e7a a import\u00e2ncia de relatar casos de viol\u00eancia e amea\u00e7a, destacando que den\u00fancias podem ser feitas pelo telefone <strong>190<\/strong>, garantindo o sigilo do denunciante.<\/p>\n\n\n\n<figure class=\"wp-block-image size-full\"><img loading=\"lazy\" decoding=\"async\" width=\"897\" height=\"204\" src=\"https:\/\/radiostudiow.com.br\/site\/wp-content\/uploads\/2025\/05\/NUTRI-MALLET.png\" alt=\"\" class=\"wp-image-37813\" srcset=\"https:\/\/radiostudiow.com.br\/site\/wp-content\/uploads\/2025\/05\/NUTRI-MALLET.png 897w, https:\/\/radiostudiow.com.br\/site\/wp-content\/uploads\/2025\/05\/NUTRI-MALLET-300x68.png 300w, https:\/\/radiostudiow.com.br\/site\/wp-content\/uploads\/2025\/05\/NUTRI-MALLET-768x175.png 768w\" sizes=\"auto, (max-width: 897px) 100vw, 897px\" \/><\/figure>\n\n\n\n<p><\/p>\n\n\n\n<p>FONTE: 27\u00ba BPM DE UNI\u00c3O DA VIT\u00d3RIA<\/p>\n","protected":false},"excerpt":{"rendered":"<p>Uma funcion\u00e1ria de uma cl\u00ednica veterin\u00e1ria foi agredida e amea\u00e7ada com um canivete na manh\u00e3 desta sexta-feira (9), no bairro S\u00e3o Bas\u00edlio Magno. O caso foi registrado por volta das 8h30, em frente ao estabelecimento onde a v\u00edtima trabalha. De acordo com informa\u00e7\u00f5es da Pol\u00edcia Militar, o agressor chegou ao local exigindo atendimento imediato para [&hellip;]<\/p>\n","protected":false},"author":2,"featured_media":18052,"comment_status":"open","ping_status":"open","sticky":false,"template":"","format":"standard","meta":{"footnotes":""},"categories":[2],"tags":[173],"class_list":["post-37977","post","type-post","status-publish","format-standard","has-post-thumbnail","hentry","category-policial","tag-prefeitura"],"amp_enabled":true,"_links":{"self":[{"href":"https:\/\/radiostudiow.com.br\/site\/wp-json\/wp\/v2\/posts\/37977","targetHints":{"allow":["GET"]}}],"collection":[{"href":"https:\/\/radiostudiow.com.br\/site\/wp-json\/wp\/v2\/posts"}],"about":[{"href":"https:\/\/radiostudiow.com.br\/site\/wp-json\/wp\/v2\/types\/post"}],"author":[{"embeddable":true,"href":"https:\/\/radiostudiow.com.br\/site\/wp-json\/wp\/v2\/users\/2"}],"replies":[{"embeddable":true,"href":"https:\/\/radiostudiow.com.br\/site\/wp-json\/wp\/v2\/comments?post=37977"}],"version-history":[{"count":2,"href":"https:\/\/radiostudiow.com.br\/site\/wp-json\/wp\/v2\/posts\/37977\/revisions"}],"predecessor-version":[{"id":37980,"href":"https:\/\/radiostudiow.com.br\/site\/wp-json\/wp\/v2\/posts\/37977\/revisions\/37980"}],"wp:featuredmedia":[{"embeddable":true,"href":"https:\/\/radiostudiow.com.br\/site\/wp-json\/wp\/v2\/media\/18052"}],"wp:attachment":[{"href":"https:\/\/radiostudiow.com.br\/site\/wp-json\/wp\/v2\/media?parent=37977"}],"wp:term":[{"taxonomy":"category","embeddable":true,"href":"https:\/\/radiostudiow.com.br\/site\/wp-json\/wp\/v2\/categories?post=37977"},{"taxonomy":"post_tag","embeddable":true,"href":"https:\/\/radiostudiow.com.br\/site\/wp-json\/wp\/v2\/tags?post=37977"}],"curies":[{"name":"wp","href":"https:\/\/api.w.org\/{rel}","templated":true}]}}